{"id":60086,"date":"2026-01-30T09:00:38","date_gmt":"2026-01-30T15:00:38","guid":{"rendered":"https:\/\/labestiapolitica.com.mx\/?p=60086"},"modified":"2026-01-30T09:00:38","modified_gmt":"2026-01-30T15:00:38","slug":"escuela-con-caso-de-sarampion-opera-con-salon-en-cuarentena","status":"publish","type":"post","link":"https:\/\/labestiapolitica.com.mx\/?p=60086","title":{"rendered":"Escuela con caso de sarampi\u00f3n opera con sal\u00f3n en cuarentena"},"content":{"rendered":"<p class=\"p1\" style=\"text-align: justify;\">Ana S\u00e1nchez\u00a0 \/\/ Tras la confirmaci\u00f3n de ocho casos de sarampi\u00f3n en el estado, uno de ellos detectado en una escuela primaria, la Unidad de Servicios Educativos del Estado de Tlaxcala (Uset) inform\u00f3 que el plantel ubicado en la comunidad de San Bartolom\u00e9 Matlalohcan, municipio de Tetla contin\u00faa operando de manera regular, aunque el sal\u00f3n donde se registr\u00f3 el caso fue cerrado y sus alumnos fueron trasladados a un esquema de educaci\u00f3n a distancia.<\/p>\n<p class=\"p1\" style=\"text-align: justify;\"><span class=\"s1\">En entrevista, el secretario de Educaci\u00f3n, Homero Meneses Hern\u00e1ndez, explic\u00f3 que la medida responde a las instrucciones precisas de la Secretar\u00eda de Salud estatal (SESA), quien activ\u00f3 protocolos sanitarios como cercos epidemiol\u00f3gicos y la intensificaci\u00f3n de la vacunaci\u00f3n, \u201cla escuela est\u00e1 operando bien; lo que se cerr\u00f3 es el sal\u00f3n de clases por instrucci\u00f3n de la SESA, y es lo que estamos haciendo\u201d, afirm\u00f3.<\/span><\/p>\n<p class=\"p1\" style=\"text-align: justify;\"><span class=\"s1\">Meneses Hern\u00e1ndez detall\u00f3 que los estudiantes del grupo afectado est\u00e1n recibiendo atenci\u00f3n pedag\u00f3gica a distancia, mientras el resto de la instituci\u00f3n y las dem\u00e1s escuelas del estado funcionan con normalidad, \u201cno hubo necesidad de hacer ninguna otra intervenci\u00f3n; as\u00ed lo marcan los protocolos\u201d, asegur\u00f3.<\/span><\/p>\n<p class=\"p1\" style=\"text-align: justify;\"><span class=\"s1\">El funcionario mencion\u00f3 que las autoridades sanitarias emitieron un oficio recomendando el uso obligatorio de cubrebocas en aulas de preescolar, primaria y secundaria para menores de 16 a\u00f1os no vacunados, como medida preventiva, \u201cel riesgo es mayor en ni\u00f1os que no est\u00e1n vacunados, conforme avanza la vacunaci\u00f3n, el riesgo disminuye\u201d, se\u00f1al\u00f3.<\/span><\/p>\n<p class=\"p1\" style=\"text-align: justify;\"><span class=\"s1\">El secretario anticip\u00f3 que este viernes 30 de enero la SESA dar\u00e1 un nuevo reporte para determinar si se mantiene la medida del cubrebocas en las escuelas o si puede levantarse, en funci\u00f3n de la evoluci\u00f3n del brote y del avance de la campa\u00f1a de vacunaci\u00f3n.<\/span><\/p>\n<p class=\"p1\" style=\"text-align: justify;\"><span class=\"s1\">La aparici\u00f3n de estos casos ha encendido alertas entre la comunidad educativa, en un contexto donde la cobertura de vacunaci\u00f3n infantil ha sido se\u00f1alada como un tema pendiente en la agenda de salud p\u00fablica nacional.<\/span><\/p>\n","protected":false},"excerpt":{"rendered":"<p>Ana S\u00e1nchez\u00a0 \/\/ Tras la confirmaci\u00f3n de ocho casos de sarampi\u00f3n en el estado, uno de ellos detectado en una escuela primaria, la Unidad de Servicios Educativos del Estado de Tlaxcala (Uset) inform\u00f3 que el plantel ubicado en la comunidad de San Bartolom\u00e9 Matlalohcan, municipio de Tetla contin\u00faa operando de manera regular, aunque el sal\u00f3n [&hellip;]<\/p>\n","protected":false},"author":3,"featured_media":60087,"comment_status":"open","ping_status":"open","sticky":false,"template":"","format":"standard","meta":{"footnotes":""},"categories":[3,213],"tags":[],"class_list":["post-60086","post","type-post","status-publish","format-standard","has-post-thumbnail","hentry","category-8-columnas","category-educacion"],"amp_enabled":true,"_links":{"self":[{"href":"https:\/\/labestiapolitica.com.mx\/index.php?rest_route=\/wp\/v2\/posts\/60086","targetHints":{"allow":["GET"]}}],"collection":[{"href":"https:\/\/labestiapolitica.com.mx\/index.php?rest_route=\/wp\/v2\/posts"}],"about":[{"href":"https:\/\/labestiapolitica.com.mx\/index.php?rest_route=\/wp\/v2\/types\/post"}],"author":[{"embeddable":true,"href":"https:\/\/labestiapolitica.com.mx\/index.php?rest_route=\/wp\/v2\/users\/3"}],"replies":[{"embeddable":true,"href":"https:\/\/labestiapolitica.com.mx\/index.php?rest_route=%2Fwp%2Fv2%2Fcomments&post=60086"}],"version-history":[{"count":1,"href":"https:\/\/labestiapolitica.com.mx\/index.php?rest_route=\/wp\/v2\/posts\/60086\/revisions"}],"predecessor-version":[{"id":60088,"href":"https:\/\/labestiapolitica.com.mx\/index.php?rest_route=\/wp\/v2\/posts\/60086\/revisions\/60088"}],"wp:featuredmedia":[{"embeddable":true,"href":"https:\/\/labestiapolitica.com.mx\/index.php?rest_route=\/wp\/v2\/media\/60087"}],"wp:attachment":[{"href":"https:\/\/labestiapolitica.com.mx\/index.php?rest_route=%2Fwp%2Fv2%2Fmedia&parent=60086"}],"wp:term":[{"taxonomy":"category","embeddable":true,"href":"https:\/\/labestiapolitica.com.mx\/index.php?rest_route=%2Fwp%2Fv2%2Fcategories&post=60086"},{"taxonomy":"post_tag","embeddable":true,"href":"https:\/\/labestiapolitica.com.mx\/index.php?rest_route=%2Fwp%2Fv2%2Ftags&post=60086"}],"curies":[{"name":"wp","href":"https:\/\/api.w.org\/{rel}","templated":true}]}}