{"id":60089,"date":"2026-01-30T09:39:27","date_gmt":"2026-01-30T15:39:27","guid":{"rendered":"https:\/\/labestiapolitica.com.mx\/?p=60089"},"modified":"2026-01-30T09:39:27","modified_gmt":"2026-01-30T15:39:27","slug":"pan-tlaxcala-ratifica-que-ira-solo-en-2027-mantiene-dialogo-respetuoso-con-fuerzas-opositoras-en-temas-legislativos","status":"publish","type":"post","link":"https:\/\/labestiapolitica.com.mx\/?p=60089","title":{"rendered":"PAN Tlaxcala ratifica que ir\u00e1 solo en 2027; mantiene di\u00e1logo respetuoso con fuerzas opositoras en temas legislativos"},"content":{"rendered":"<p style=\"text-align: justify;\">El Partido Acci\u00f3n Nacional (PAN) en Tlaxcala ratific\u00f3 que no ir\u00e1 en alianza electoral rumbo al proceso de 2027, al definir que competir\u00e1 con sus propios cuadros, estructuras y liderazgos, sin renunciar al di\u00e1logo y al respeto institucional con otras fuerzas pol\u00edticas opositoras al r\u00e9gimen, particularmente en los trabajos legislativos del Senado de la Rep\u00fablica y la C\u00e1mara de Diputados.<\/p>\n<p style=\"text-align: justify;\">As\u00ed lo inform\u00f3 Juan Carlos Mart\u00ednez Terrazas, Secretario Nacional de Fortalecimiento e Identidad del Comit\u00e9 Ejecutivo Nacional del PAN quien estuvo acompa\u00f1ado del presidente del Comit\u00e9 Directivo Estatal , \u00c1ngelo Guti\u00e9rrez Hern\u00e1ndez, quien precis\u00f3 que el partido ha avanzado de manera s\u00f3lida en su ruta de preparaci\u00f3n electoral, con una estrategia territorial y pol\u00edtica que permite enfrentar el pr\u00f3ximo proceso \u201ccon identidad propia y con la fortaleza que hoy exige la ciudadan\u00eda\u201d.<\/p>\n<p style=\"text-align: justify;\">\u201cEl PAN en Tlaxcala est\u00e1 listo para ir solo. Tenemos cuadros, tenemos estructura y tenemos proyecto. Respetamos a las dem\u00e1s fuerzas pol\u00edticas de oposici\u00f3n y mantenemos comunicaci\u00f3n con ellas en los temas que le sirven al pa\u00eds desde el Senado y la C\u00e1mara de Diputados, pero en lo electoral hemos tomado una decisi\u00f3n clara: Acci\u00f3n Nacional va con los ciudadanos\u201d, sostuvo.<\/p>\n<p style=\"text-align: justify;\">El dirigente estatal detall\u00f3 que ya existen trabajos avanzados en 30 municipios para construir candidaturas propias ganadoras, as\u00ed como aspirantes competitivos en la mayor\u00eda de los 15 distritos electorales locales y en los tres distritos federales, lo que refleja \u201cuna presencia territorial real y no improvisada\u201d.<\/p>\n<p style=\"text-align: justify;\">Guti\u00e9rrez Hern\u00e1ndez subray\u00f3 que el PAN mantiene estructuras activadas en los 60 municipios del estado, con comit\u00e9s, liderazgos sociales y militancia organizada que ha venido trabajando de manera permanente, no solo en tiempos electorales.<\/p>\n<p style=\"text-align: justify;\">\u201cEl PAN no aparece cada tres o seis a\u00f1os. Estamos en las calles, en las comunidades y en los municipios, acompa\u00f1ando a la gente, escuchando sus problemas y construyendo soluciones\u201d, afirm\u00f3.<\/p>\n<p style=\"text-align: justify;\">En ese contexto, el l\u00edder panista destac\u00f3 que diversas mediciones y encuestas recientes ubican al PAN como la primera fuerza pol\u00edtica de oposici\u00f3n en Tlaxcala, con alrededor de 19 puntos porcentuales de preferencia electoral, por encima de otras expresiones opositoras, lo que confirma que la ciudadan\u00eda comienza a ver en Acci\u00f3n Nacional una alternativa real frente al desgaste del actual r\u00e9gimen.<\/p>\n<p style=\"text-align: justify;\">\u201cLos n\u00fameros no mienten. Hoy el PAN es la principal fuerza de oposici\u00f3n en Tlaxcala, y eso no es producto de discursos, sino del trabajo constante, de la congruencia y de estar del lado de la gente cuando m\u00e1s lo necesita\u201d, expres\u00f3.<\/p>\n<p style=\"text-align: justify;\">Finalmente, \u00c1ngelo Guti\u00e9rrez reiter\u00f3 que Acci\u00f3n Nacional seguir\u00e1 impulsando una oposici\u00f3n responsable, firme y propositiva, tanto en el \u00e1mbito local como en el federal, y refrend\u00f3 que el objetivo rumbo a 2027 es claro: construir un proyecto competitivo que le devuelva a Tlaxcala gobiernos eficaces, cercanos y honestos.<\/p>\n<p style=\"text-align: justify;\">\u201cVamos a competir con ideas, con perfiles y con resultados. El PAN est\u00e1 preparado para dar la batalla y para ganar la confianza de las y los tlaxcaltecas\u201d, concluy\u00f3.<\/p>\n<p><img loading=\"lazy\" decoding=\"async\" class=\"alignnone size-full wp-image-60091\" src=\"https:\/\/labestiapolitica.com.mx\/wp-content\/uploads\/2026\/01\/622418743_1294271296080576_4556217186392507559_n.jpg\" alt=\"\" width=\"2048\" height=\"1152\" srcset=\"https:\/\/labestiapolitica.com.mx\/wp-content\/uploads\/2026\/01\/622418743_1294271296080576_4556217186392507559_n.jpg 2048w, https:\/\/labestiapolitica.com.mx\/wp-content\/uploads\/2026\/01\/622418743_1294271296080576_4556217186392507559_n-300x169.jpg 300w, https:\/\/labestiapolitica.com.mx\/wp-content\/uploads\/2026\/01\/622418743_1294271296080576_4556217186392507559_n-1024x576.jpg 1024w, https:\/\/labestiapolitica.com.mx\/wp-content\/uploads\/2026\/01\/622418743_1294271296080576_4556217186392507559_n-768x432.jpg 768w, https:\/\/labestiapolitica.com.mx\/wp-content\/uploads\/2026\/01\/622418743_1294271296080576_4556217186392507559_n-1536x864.jpg 1536w\" sizes=\"auto, (max-width: 2048px) 100vw, 2048px\" \/> <img loading=\"lazy\" decoding=\"async\" class=\"alignnone size-full wp-image-60092\" src=\"https:\/\/labestiapolitica.com.mx\/wp-content\/uploads\/2026\/01\/622598423_1294271349413904_8211809616206440531_n.jpg\" alt=\"\" width=\"2048\" height=\"1152\" srcset=\"https:\/\/labestiapolitica.com.mx\/wp-content\/uploads\/2026\/01\/622598423_1294271349413904_8211809616206440531_n.jpg 2048w, https:\/\/labestiapolitica.com.mx\/wp-content\/uploads\/2026\/01\/622598423_1294271349413904_8211809616206440531_n-300x169.jpg 300w, https:\/\/labestiapolitica.com.mx\/wp-content\/uploads\/2026\/01\/622598423_1294271349413904_8211809616206440531_n-1024x576.jpg 1024w, https:\/\/labestiapolitica.com.mx\/wp-content\/uploads\/2026\/01\/622598423_1294271349413904_8211809616206440531_n-768x432.jpg 768w, https:\/\/labestiapolitica.com.mx\/wp-content\/uploads\/2026\/01\/622598423_1294271349413904_8211809616206440531_n-1536x864.jpg 1536w\" sizes=\"auto, (max-width: 2048px) 100vw, 2048px\" \/> <img loading=\"lazy\" decoding=\"async\" class=\"alignnone size-full wp-image-60093\" src=\"https:\/\/labestiapolitica.com.mx\/wp-content\/uploads\/2026\/01\/617725609_1294271322747240_1905607434673259697_n.jpg\" alt=\"\" width=\"2048\" height=\"1152\" srcset=\"https:\/\/labestiapolitica.com.mx\/wp-content\/uploads\/2026\/01\/617725609_1294271322747240_1905607434673259697_n.jpg 2048w, https:\/\/labestiapolitica.com.mx\/wp-content\/uploads\/2026\/01\/617725609_1294271322747240_1905607434673259697_n-300x169.jpg 300w, https:\/\/labestiapolitica.com.mx\/wp-content\/uploads\/2026\/01\/617725609_1294271322747240_1905607434673259697_n-1024x576.jpg 1024w, https:\/\/labestiapolitica.com.mx\/wp-content\/uploads\/2026\/01\/617725609_1294271322747240_1905607434673259697_n-768x432.jpg 768w, https:\/\/labestiapolitica.com.mx\/wp-content\/uploads\/2026\/01\/617725609_1294271322747240_1905607434673259697_n-1536x864.jpg 1536w\" sizes=\"auto, (max-width: 2048px) 100vw, 2048px\" \/> <img loading=\"lazy\" decoding=\"async\" class=\"alignnone size-full wp-image-60094\" src=\"https:\/\/labestiapolitica.com.mx\/wp-content\/uploads\/2026\/01\/620075913_1294271292747243_2294445252028702450_n.jpg\" alt=\"\" width=\"2048\" height=\"1152\" srcset=\"https:\/\/labestiapolitica.com.mx\/wp-content\/uploads\/2026\/01\/620075913_1294271292747243_2294445252028702450_n.jpg 2048w, https:\/\/labestiapolitica.com.mx\/wp-content\/uploads\/2026\/01\/620075913_1294271292747243_2294445252028702450_n-300x169.jpg 300w, https:\/\/labestiapolitica.com.mx\/wp-content\/uploads\/2026\/01\/620075913_1294271292747243_2294445252028702450_n-1024x576.jpg 1024w, https:\/\/labestiapolitica.com.mx\/wp-content\/uploads\/2026\/01\/620075913_1294271292747243_2294445252028702450_n-768x432.jpg 768w, https:\/\/labestiapolitica.com.mx\/wp-content\/uploads\/2026\/01\/620075913_1294271292747243_2294445252028702450_n-1536x864.jpg 1536w\" sizes=\"auto, (max-width: 2048px) 100vw, 2048px\" \/><\/p>\n","protected":false},"excerpt":{"rendered":"<p>El Partido Acci\u00f3n Nacional (PAN) en Tlaxcala ratific\u00f3 que no ir\u00e1 en alianza electoral rumbo al proceso de 2027, al definir que competir\u00e1 con sus propios cuadros, estructuras y liderazgos, sin renunciar al di\u00e1logo y al respeto institucional con otras fuerzas pol\u00edticas opositoras al r\u00e9gimen, particularmente en los trabajos legislativos del Senado de la Rep\u00fablica [&hellip;]<\/p>\n","protected":false},"author":3,"featured_media":60090,"comment_status":"open","ping_status":"open","sticky":false,"template":"","format":"standard","meta":{"footnotes":""},"categories":[6,248,247],"tags":[],"class_list":["post-60089","post","type-post","status-publish","format-standard","has-post-thumbnail","hentry","category-opinion","category-pan","category-politica"],"amp_enabled":true,"_links":{"self":[{"href":"https:\/\/labestiapolitica.com.mx\/index.php?rest_route=\/wp\/v2\/posts\/60089","targetHints":{"allow":["GET"]}}],"collection":[{"href":"https:\/\/labestiapolitica.com.mx\/index.php?rest_route=\/wp\/v2\/posts"}],"about":[{"href":"https:\/\/labestiapolitica.com.mx\/index.php?rest_route=\/wp\/v2\/types\/post"}],"author":[{"embeddable":true,"href":"https:\/\/labestiapolitica.com.mx\/index.php?rest_route=\/wp\/v2\/users\/3"}],"replies":[{"embeddable":true,"href":"https:\/\/labestiapolitica.com.mx\/index.php?rest_route=%2Fwp%2Fv2%2Fcomments&post=60089"}],"version-history":[{"count":1,"href":"https:\/\/labestiapolitica.com.mx\/index.php?rest_route=\/wp\/v2\/posts\/60089\/revisions"}],"predecessor-version":[{"id":60095,"href":"https:\/\/labestiapolitica.com.mx\/index.php?rest_route=\/wp\/v2\/posts\/60089\/revisions\/60095"}],"wp:featuredmedia":[{"embeddable":true,"href":"https:\/\/labestiapolitica.com.mx\/index.php?rest_route=\/wp\/v2\/media\/60090"}],"wp:attachment":[{"href":"https:\/\/labestiapolitica.com.mx\/index.php?rest_route=%2Fwp%2Fv2%2Fmedia&parent=60089"}],"wp:term":[{"taxonomy":"category","embeddable":true,"href":"https:\/\/labestiapolitica.com.mx\/index.php?rest_route=%2Fwp%2Fv2%2Fcategories&post=60089"},{"taxonomy":"post_tag","embeddable":true,"href":"https:\/\/labestiapolitica.com.mx\/index.php?rest_route=%2Fwp%2Fv2%2Ftags&post=60089"}],"curies":[{"name":"wp","href":"https:\/\/api.w.org\/{rel}","templated":true}]}}