{"id":60100,"date":"2026-01-30T12:44:33","date_gmt":"2026-01-30T18:44:33","guid":{"rendered":"https:\/\/labestiapolitica.com.mx\/?p=60100"},"modified":"2026-01-30T15:41:03","modified_gmt":"2026-01-30T21:41:03","slug":"padres-denuncian-negligencia-medica-en-instituto-de-apetatitlan-cedh-emite-medidas-cautelares","status":"publish","type":"post","link":"https:\/\/labestiapolitica.com.mx\/?p=60100","title":{"rendered":"Padres denuncian negligencia m\u00e9dica en Instituto de Apetatitl\u00e1n; CEDH emite medidas cautelares"},"content":{"rendered":"<blockquote>\n<p class=\"p1\" style=\"text-align: justify;\">Una maestra y la directora inyectaron sin autorizaci\u00f3n a un menor, seg\u00fan la acusaci\u00f3n de la familia. Los padres han interpuesto denuncias ante Fiscal\u00eda y Secretar\u00eda de Educaci\u00f3n.<\/p>\n<\/blockquote>\n<p class=\"p1\" style=\"text-align: justify;\"><span class=\"s1\">Mariana LOVERA\/\/ Ante medios de comunicaci\u00f3n, padres de familia denunciaron p\u00fablicamente una serie de negligencias y malos tratos sufridos<span class=\"Apple-converted-space\">\u00a0 <\/span>a un menor de 9 a\u00f1os, en una escuela ubicada en Apetatitl\u00e1n.<\/span><\/p>\n<p class=\"p1\" style=\"text-align: justify;\"><span class=\"s1\">Los hechos, seg\u00fan su relato, ocurrieron el pasado martes, cuando el menor present\u00f3 un fuerte dolor est\u00f3mago durante la jornada escolar. En lugar de notificar de inmediato a los padres, como marca cualquier protocolo de seguridad, la maestra del ni\u00f1o y la directora del plantel, lo llevaron a la direcci\u00f3n y procedieron a inyectarlo sin autorizaci\u00f3n alguna.<\/span><\/p>\n<p class=\"p1\" style=\"text-align: justify;\"><span class=\"s1\">\u201cNunca me llamaron. Ni la secretaria, ni la maestra, ni la directora\u201d, declar\u00f3 la madre del ni\u00f1o. \u201cSupe por un mensaje de mi hija mayor, que tambi\u00e9n estudia ah\u00ed. Cuando llegu\u00e9 al instituto y pregunt\u00e9, la maestra me dijo: \u2018S\u00ed, le di un piquetito\u2019\u201d.<\/span><\/p>\n<p class=\"p1\" style=\"text-align: justify;\"><span class=\"s1\">La indignaci\u00f3n de los padres se agrav\u00f3 al conocer los detalles. La maestra primero afirm\u00f3 haber usado \u201cuna jeringa de insulina\u201d, para despu\u00e9s rectificar y sugerir que solo le hab\u00eda pinchado \u201ccomo una llamada de atenci\u00f3n\u201d, alegando que no crey\u00f3 la molestia del ni\u00f1o.<\/span><\/p>\n<p class=\"p1\" style=\"text-align: justify;\"><span class=\"s1\">\u201cMe dijo: \u2018normalmente yo hago eso\u2019\u201d, relat\u00f3 la mam\u00e1. \u201c\u00bfDe d\u00f3nde sac\u00f3 la jeringa? \u00bfQui\u00e9n se la trajo? No hay enfermer\u00eda, no hay m\u00e9dico en la escuela. Actuaron con mala fe. Mi hijo me cont\u00f3 que lo acorralaron en la direcci\u00f3n, que le dijeron que ya nos hab\u00edan llamado (lo cual era falso) y que le bajaron el pantal\u00f3n para ponerle la inyecci\u00f3n\u201d.<\/span><\/p>\n<p class=\"p1\" style=\"text-align: justify;\"><span class=\"s1\">Los padres aseguraron tener las fotograf\u00edas de un peque\u00f1o orificio en la piel del ni\u00f1o, quien confirm\u00f3 haber sentido el pinchazo. Esta acci\u00f3n, denuncian, constituye una grave violaci\u00f3n a los derechos humanos e integridad f\u00edsica del menor, quien ahora presenta miedo y rechazo a asistir a la escuela.<\/span><\/p>\n<p class=\"p1\" style=\"text-align: justify;\"><span class=\"s1\">El padre de familia a\u00f1adi\u00f3 que esta no es la primera vez que su hijo sufre maltrato por parte de la docente, de quien afirma que \u201csiempre hubo comparaciones con otros menores\u201d y un trato desfavorable.<\/span><\/p>\n<p class=\"p1\" style=\"text-align: justify;\"><span class=\"s1\">\u201cEl problema del bullying ya no solo es entre compa\u00f1eros; ahora nos tenemos que proteger de los profesores\u201d, se\u00f1al\u00f3.<\/span><\/p>\n<p class=\"p1\" style=\"text-align: justify;\"><span class=\"s1\">La situaci\u00f3n escal\u00f3 cuando, seg\u00fan los denunciantes, el esposo de la maestra se present\u00f3 en el lugar de manera \u201camenazadora\u201d, tras lo cual la directora intent\u00f3 contactarlos para \u201cminimizar la situaci\u00f3n\u201d.<\/span><\/p>\n<p class=\"p1\" style=\"text-align: justify;\"><span class=\"s1\">Ante la gravedad de los hechos, la familia ya interpuso denuncia formal ante la Fiscal\u00eda del Estado y present\u00f3 una queja ante la Secretar\u00eda de Educaci\u00f3n P\u00fablica de Tlaxcala, instituciones que, aseguran, les han brindado apoyo y asesor\u00eda.<\/span><\/p>\n<p class=\"p1\" style=\"text-align: justify;\"><span class=\"s1\">\u201cPedimos una investigaci\u00f3n a fondo. Se tomaron atribuciones que no les competen. No son m\u00e9dicas, no ten\u00edan autorizaci\u00f3n, y violaron los derechos de mi hijo\u201d, exigi\u00f3 la madre. \u201cQueremos alertar a otros padres de esta instituci\u00f3n, porque esto podr\u00eda estar pasando o podr\u00eda pasar con otros alumnos\u201d.<\/span><\/p>\n<ul>\n<li class=\"p1\"><strong><span class=\"s1\">CEDH emite medidas cautelares <\/span><\/strong><\/li>\n<\/ul>\n<p class=\"p1\" style=\"text-align: justify;\"><span class=\"s1\">Ante la denuncia p\u00fablica interpuesta por los padres de familia por presuntos actos que vulneraron la integridad, salud y dignidad de un menor en una instituci\u00f3n educativa particular de Apetatitl\u00e1n, la Comisi\u00f3n Estatal de Derechos Humanos de Tlaxcala (CEDHT) emiti\u00f3 un pronunciamiento y determin\u00f3 medidas cautelares dirigidas a la SEPE-USET.<\/span><\/p>\n<p class=\"p1\" style=\"text-align: justify;\"><span class=\"s1\">La CEDHT expres\u00f3 su preocupaci\u00f3n y subray\u00f3 que, de confirmarse los hechos, se tratar\u00eda de graves transgresiones a los derechos de ni\u00f1as y ni\u00f1os. Enfatiz\u00f3 que el inter\u00e9s superior de la ni\u00f1ez debe guiar toda actuaci\u00f3n en planteles educativos, y consider\u00f3 inadmisibles pr\u00e1cticas como la aplicaci\u00f3n de procedimientos m\u00e9dicos sin consentimiento informado, la ausencia de personal de salud o la falta de notificaci\u00f3n oportuna a las familias.<\/span><\/p>\n<p class=\"p1\" style=\"text-align: justify;\"><span class=\"s1\">Por ello, la Comisi\u00f3n inici\u00f3 una investigaci\u00f3n y orden\u00f3 a la SEPE-USET realizar una investigaci\u00f3n exhaustiva, imparcial y con enfoque de derechos sobre lo ocurrido en la escuela privada involucrada. Asimismo, le solicit\u00f3 determinar responsabilidades, adoptar medidas inmediatas de protecci\u00f3n, verificar el cumplimiento de protocolos de atenci\u00f3n y primeros auxilios, y prevenir hechos similares mientras se esclarece la situaci\u00f3n.<\/span><\/p>\n<p class=\"p1\" style=\"text-align: justify;\"><span class=\"s1\">La CEDHT reconoci\u00f3 que las familias ya interpusieron una denuncia ante la Fiscal\u00eda General de Justicia del estado, lo cual consider\u00f3 fundamental para el caso. Reiter\u00f3 la necesidad de que toda investigaci\u00f3n se realice sin revictimizaci\u00f3n, garantizando confidencialidad, escucha especializada y acompa\u00f1amiento psicosocial para el ni\u00f1o afectado.<\/span><\/p>\n<p class=\"p1\" style=\"text-align: justify;\"><span class=\"s1\">Finalmente, subray\u00f3 que las escuelas deben ser espacios seguros y libres de violencia, por lo que llam\u00f3 a reforzar las acciones preventivas, la capacitaci\u00f3n del personal y la coordinaci\u00f3n institucional para la protecci\u00f3n efectiva de las infancias en Tlaxcala.<\/span><\/p>\n<p class=\"p1\">\n","protected":false},"excerpt":{"rendered":"<p>Una maestra y la directora inyectaron sin autorizaci\u00f3n a un menor, seg\u00fan la acusaci\u00f3n de la familia. Los padres han interpuesto denuncias ante Fiscal\u00eda y Secretar\u00eda de Educaci\u00f3n. Mariana LOVERA\/\/ Ante medios de comunicaci\u00f3n, padres de familia denunciaron p\u00fablicamente una serie de negligencias y malos tratos sufridos\u00a0 a un menor de 9 a\u00f1os, en una [&hellip;]<\/p>\n","protected":false},"author":6,"featured_media":60110,"comment_status":"open","ping_status":"open","sticky":false,"template":"","format":"standard","meta":{"footnotes":""},"categories":[3,7],"tags":[],"class_list":["post-60100","post","type-post","status-publish","format-standard","has-post-thumbnail","hentry","category-8-columnas","category-ciudadanos"],"amp_enabled":true,"_links":{"self":[{"href":"https:\/\/labestiapolitica.com.mx\/index.php?rest_route=\/wp\/v2\/posts\/60100","targetHints":{"allow":["GET"]}}],"collection":[{"href":"https:\/\/labestiapolitica.com.mx\/index.php?rest_route=\/wp\/v2\/posts"}],"about":[{"href":"https:\/\/labestiapolitica.com.mx\/index.php?rest_route=\/wp\/v2\/types\/post"}],"author":[{"embeddable":true,"href":"https:\/\/labestiapolitica.com.mx\/index.php?rest_route=\/wp\/v2\/users\/6"}],"replies":[{"embeddable":true,"href":"https:\/\/labestiapolitica.com.mx\/index.php?rest_route=%2Fwp%2Fv2%2Fcomments&post=60100"}],"version-history":[{"count":1,"href":"https:\/\/labestiapolitica.com.mx\/index.php?rest_route=\/wp\/v2\/posts\/60100\/revisions"}],"predecessor-version":[{"id":60109,"href":"https:\/\/labestiapolitica.com.mx\/index.php?rest_route=\/wp\/v2\/posts\/60100\/revisions\/60109"}],"wp:featuredmedia":[{"embeddable":true,"href":"https:\/\/labestiapolitica.com.mx\/index.php?rest_route=\/wp\/v2\/media\/60110"}],"wp:attachment":[{"href":"https:\/\/labestiapolitica.com.mx\/index.php?rest_route=%2Fwp%2Fv2%2Fmedia&parent=60100"}],"wp:term":[{"taxonomy":"category","embeddable":true,"href":"https:\/\/labestiapolitica.com.mx\/index.php?rest_route=%2Fwp%2Fv2%2Fcategories&post=60100"},{"taxonomy":"post_tag","embeddable":true,"href":"https:\/\/labestiapolitica.com.mx\/index.php?rest_route=%2Fwp%2Fv2%2Ftags&post=60100"}],"curies":[{"name":"wp","href":"https:\/\/api.w.org\/{rel}","templated":true}]}}