{"id":60138,"date":"2026-01-30T15:49:08","date_gmt":"2026-01-30T21:49:08","guid":{"rendered":"https:\/\/labestiapolitica.com.mx\/?p=60138"},"modified":"2026-01-30T15:49:08","modified_gmt":"2026-01-30T21:49:08","slug":"gobierno-del-estado-destina-5-mdp-en-apoyos-a-297-camadas-de-carnaval%f0%9f%8e%ad%f0%9f%a5%87","status":"publish","type":"post","link":"https:\/\/labestiapolitica.com.mx\/?p=60138","title":{"rendered":"Gobierno del Estado destina 5 mdp en apoyos a 297 camadas de carnaval\ud83c\udfad\ud83e\udd47"},"content":{"rendered":"<p>*Del 13 al 17 de febrero se prev\u00e9 la participaci\u00f3n de m\u00e1s de 200 camadas en cinco pistas<\/p>\n<p>Ana S\u00e1nchez \/\/ Con la promesa de ser la edici\u00f3n m\u00e1s grande en su historia, el Carnaval de Tlaxcala 2026 se prepara para reunir a m\u00e1s de cuatro mil danzantes en su desfile inaugural y activar cinco pistas simult\u00e1neas en el recinto ferial, donde participar\u00e1n mas de 200 camadas, anunciaron autoridades estatales durante una conferencia de prensa encabezada por el secretario de Educaci\u00f3n, Homero Meneses Hern\u00e1ndez, y el director de Cultura y Recreaci\u00f3n de la SEPE-USET, Javier Fragoso Ram\u00edrez.<\/p>\n<p>El apoyo a las camadas se increment\u00f3 de 4.5 a 5 millones de pesos, que se distribuir\u00e1n entre 297 agrupaciones registradas y validadas, los montos var\u00edan seg\u00fan la antig\u00fcedad y tradici\u00f3n: $20,000 para 147 camadas con m\u00e1s de 30 a\u00f1os de trayectoria;<br \/>\n$15,000 para 108 camadas de 10 a 29 a\u00f1os; $12,500 para 28 camadas infantiles no escolarizadas; $7,500 para camadas de reciente creaci\u00f3n (1 a 9 a\u00f1os).<\/p>\n<p>\u201cEl registro total en la direcci\u00f3n es de aproximadamente 600 camadas en el estado, pero el apoyo se otorga a quienes cumplen con los requisitos de participaci\u00f3n y tradici\u00f3n\u201d, aclar\u00f3 Fragoso.<\/p>\n<p>La edici\u00f3n 2026, la pen\u00faltima de la actual administraci\u00f3n, tendr\u00e1 como evento inaugural la coronaci\u00f3n de la reina el 12 de febrero a las 16:00 horas.<\/p>\n<p>Del 13 al 17 de febrero, el Recinto Ferial albergar\u00e1 el XXVI Concurso Estatal de Camadas, con una pista de concurso en el Centro de Convenciones para las mejores agrupaciones y cuatro pistas simult\u00e1neas en la Plaza del Huehue y estacionamientos, adem\u00e1s de 40 camadas infantiles, y la posibilidad de disfrutar de artesan\u00edas, gastronom\u00eda y juegos mec\u00e1nicos.<\/p>\n<p>Por primera vez, el evento cerrar\u00e1 el 17 de febrero con cinco pistas activas al mismo tiempo, posteriormente, el 25 de marzo se realizar\u00e1 el Concurso de Carnaval en Imagen en el Museo de la Memoria, con cinco premios en efectivo.<\/p>\n<p>El secretario de Educaci\u00f3n del estado, Homero Meneses Hern\u00e1ndez , enfatiz\u00f3 que, m\u00e1s all\u00e1 del impacto tur\u00edstico, el carnaval es una fuerza de cohesi\u00f3n social y salud mental, \u201cen una \u00e9poca con problemas de salud mental, el carnaval es una fuerza muy importante para las familias y las comunidades\u201d, afirm\u00f3.<\/p>\n<p>El secretario reconoci\u00f3 quejas por cierres viales, pero las consider\u00f3 \u201cmenores\u201d ante los beneficios culturales y sociales.<\/p>\n<p>Como legado, Meneses anunci\u00f3 que tras el carnaval 2026 lanzar\u00e1n una convocatoria para la \u201cCr\u00f3nica Hist\u00f3rica por Camada\u201d, invitando a cada agrupaci\u00f3n a documentar su historia con testimonios, fotograf\u00edas y relatos, \u201cqueremos conocer los rostros detr\u00e1s de las m\u00e1scaras, las historias de c\u00f3mo se construye esta tradici\u00f3n\u201d, explic\u00f3. Se esperan al menos 200 cr\u00f3nicas que ser\u00e1n premiadas en 2027.<\/p>\n","protected":false},"excerpt":{"rendered":"<p>*Del 13 al 17 de febrero se prev\u00e9 la participaci\u00f3n de m\u00e1s de 200 camadas en cinco pistas Ana S\u00e1nchez \/\/ Con la promesa de ser la edici\u00f3n m\u00e1s grande en su historia, el Carnaval de Tlaxcala 2026 se prepara para reunir a m\u00e1s de cuatro mil danzantes en su desfile inaugural y activar cinco [&hellip;]<\/p>\n","protected":false},"author":3,"featured_media":60139,"comment_status":"open","ping_status":"open","sticky":false,"template":"","format":"standard","meta":{"footnotes":""},"categories":[7],"tags":[],"class_list":["post-60138","post","type-post","status-publish","format-standard","has-post-thumbnail","hentry","category-ciudadanos"],"amp_enabled":true,"_links":{"self":[{"href":"https:\/\/labestiapolitica.com.mx\/index.php?rest_route=\/wp\/v2\/posts\/60138","targetHints":{"allow":["GET"]}}],"collection":[{"href":"https:\/\/labestiapolitica.com.mx\/index.php?rest_route=\/wp\/v2\/posts"}],"about":[{"href":"https:\/\/labestiapolitica.com.mx\/index.php?rest_route=\/wp\/v2\/types\/post"}],"author":[{"embeddable":true,"href":"https:\/\/labestiapolitica.com.mx\/index.php?rest_route=\/wp\/v2\/users\/3"}],"replies":[{"embeddable":true,"href":"https:\/\/labestiapolitica.com.mx\/index.php?rest_route=%2Fwp%2Fv2%2Fcomments&post=60138"}],"version-history":[{"count":1,"href":"https:\/\/labestiapolitica.com.mx\/index.php?rest_route=\/wp\/v2\/posts\/60138\/revisions"}],"predecessor-version":[{"id":60140,"href":"https:\/\/labestiapolitica.com.mx\/index.php?rest_route=\/wp\/v2\/posts\/60138\/revisions\/60140"}],"wp:featuredmedia":[{"embeddable":true,"href":"https:\/\/labestiapolitica.com.mx\/index.php?rest_route=\/wp\/v2\/media\/60139"}],"wp:attachment":[{"href":"https:\/\/labestiapolitica.com.mx\/index.php?rest_route=%2Fwp%2Fv2%2Fmedia&parent=60138"}],"wp:term":[{"taxonomy":"category","embeddable":true,"href":"https:\/\/labestiapolitica.com.mx\/index.php?rest_route=%2Fwp%2Fv2%2Fcategories&post=60138"},{"taxonomy":"post_tag","embeddable":true,"href":"https:\/\/labestiapolitica.com.mx\/index.php?rest_route=%2Fwp%2Fv2%2Ftags&post=60138"}],"curies":[{"name":"wp","href":"https:\/\/api.w.org\/{rel}","templated":true}]}}