{"id":60157,"date":"2026-01-30T16:01:15","date_gmt":"2026-01-30T22:01:15","guid":{"rendered":"https:\/\/labestiapolitica.com.mx\/?p=60157"},"modified":"2026-01-30T17:33:03","modified_gmt":"2026-01-30T23:33:03","slug":"detienen-a-sujeto-por-portacion-ilegal-de-arma-de-fuego-familiares-se-manifiestan-en-fiscalia","status":"publish","type":"post","link":"https:\/\/labestiapolitica.com.mx\/?p=60157","title":{"rendered":"Detienen a sujeto por portaci\u00f3n ilegal de arma de fuego; familiares se manifiestan en Fiscal\u00eda"},"content":{"rendered":"<p style=\"text-align: justify;\">Mariana LOVERA\/\/ Elementos de la Secretar\u00eda de Seguridad Ciudadana (SSC) y de la Secretar\u00eda de Marina (Semar) detuvieron a un individuo por el delito de portaci\u00f3n ilegal de arma de fuego, tras un operativo de vigilancia y prevenci\u00f3n en el municipio de L\u00e1zaro C\u00e1rdenas.<\/p>\n<p style=\"text-align: justify;\">De acuerdo con el reporte oficial, los hechos ocurrieron durante recorridos de seguridad realizados por personal de ambas corporaciones en la colonia Tecorral. Al transitar por la calle Hidalgo, los uniformados observaron a un sujeto cuya actitud les result\u00f3 sospechosa, por lo que procedieron a abordarlo siguiendo los protocolos establecidos.<\/p>\n<p style=\"text-align: justify;\">Tras identificarse como Pedro N., de 30 a\u00f1os de edad, los efectivos solicitaron realizarle una inspecci\u00f3n preventiva. Como resultado, se logr\u00f3 el aseguramiento de una escopeta calibre .12 con ocho cartuchos \u00fatiles y un rifle calibre .30-30 con diez cartuchos \u00fatiles. El sujeto no pudo acreditar la tenencia legal de las armas ni la documentaci\u00f3n correspondiente para su portaci\u00f3n.<\/p>\n<p style=\"text-align: justify;\">Ante la falta de permisos, Pedro N. fue detenido de manera inmediata y se le notificaron sus derechos conforme a la ley. Tanto el detenido como las armas y municiones aseguradas fueron puestos a disposici\u00f3n de la autoridad competente, quien continuar\u00e1 con las investigaciones para determinar su situaci\u00f3n jur\u00eddica.<\/p>\n<p style=\"text-align: justify;\">La Secretar\u00eda de Seguridad Ciudadana de Tlaxcala destac\u00f3 que este resultado forma parte del trabajo conjunto entre instituciones de seguridad, cuyo prop\u00f3sito es prevenir delitos, retirar armas ilegales de circulaci\u00f3n y garantizar la protecci\u00f3n de la poblaci\u00f3n.<\/p>\n<p style=\"text-align: justify;\">Asimismo, reiter\u00f3 el compromiso de continuar reforzando los operativos coordinados y manteniendo una vigilancia permanente en todo el territorio estatal, con el objetivo de preservar la paz y la seguridad p\u00fablica.<\/p>\n<blockquote>\n<p style=\"text-align: justify;\"><strong>Familiares se manifiestan en Fiscal\u00eda<\/strong><\/p>\n<\/blockquote>\n<p style=\"text-align: justify;\">Pobladores del Municipio de L\u00e1zaro C\u00e1rdenas se manifestaron frente a las instalaciones de la Fiscal\u00eda General de la Rep\u00fablica (FGR) en la capital tlaxcalteca.<\/p>\n<p style=\"text-align: justify;\">Exigieron la libertad de Pedro N., detenido por portaci\u00f3n de dos armas de fuegos, las cuales se\u00f1alan no son ilegales.<\/p>\n<p style=\"text-align: justify;\">Desde la ma\u00f1ana, familiares, amigos y vecinos tambi\u00e9n se concentraron frente a la Presidencia Municipal de C\u00e1rdenas pidiendo ser atendidos por las autoridades locales. Denuncian que han sido recibidos.<\/p>\n<p style=\"text-align: justify;\">Informaci\u00f3n en proceso \u2026.<\/p>\n<p><img loading=\"lazy\" decoding=\"async\" class=\"alignnone size-full wp-image-60160\" src=\"https:\/\/labestiapolitica.com.mx\/wp-content\/uploads\/2026\/01\/WhatsApp-Image-2026-01-30-at-3.31.22-PM.jpeg\" alt=\"\" width=\"811\" height=\"987\" srcset=\"https:\/\/labestiapolitica.com.mx\/wp-content\/uploads\/2026\/01\/WhatsApp-Image-2026-01-30-at-3.31.22-PM.jpeg 811w, https:\/\/labestiapolitica.com.mx\/wp-content\/uploads\/2026\/01\/WhatsApp-Image-2026-01-30-at-3.31.22-PM-247x300.jpeg 247w, https:\/\/labestiapolitica.com.mx\/wp-content\/uploads\/2026\/01\/WhatsApp-Image-2026-01-30-at-3.31.22-PM-768x935.jpeg 768w\" sizes=\"auto, (max-width: 811px) 100vw, 811px\" \/><\/p>\n<p><img loading=\"lazy\" decoding=\"async\" class=\"alignnone size-full wp-image-60126\" src=\"https:\/\/labestiapolitica.com.mx\/wp-content\/uploads\/2026\/01\/WhatsApp-Image-2025-09-09-at-1.53.55-PM-7.jpeg\" alt=\"\" width=\"940\" height=\"788\" srcset=\"https:\/\/labestiapolitica.com.mx\/wp-content\/uploads\/2026\/01\/WhatsApp-Image-2025-09-09-at-1.53.55-PM-7.jpeg 940w, https:\/\/labestiapolitica.com.mx\/wp-content\/uploads\/2026\/01\/WhatsApp-Image-2025-09-09-at-1.53.55-PM-7-300x251.jpeg 300w, https:\/\/labestiapolitica.com.mx\/wp-content\/uploads\/2026\/01\/WhatsApp-Image-2025-09-09-at-1.53.55-PM-7-768x644.jpeg 768w\" sizes=\"auto, (max-width: 940px) 100vw, 940px\" \/><\/p>\n","protected":false},"excerpt":{"rendered":"<p>Mariana LOVERA\/\/ Elementos de la Secretar\u00eda de Seguridad Ciudadana (SSC) y de la Secretar\u00eda de Marina (Semar) detuvieron a un individuo por el delito de portaci\u00f3n ilegal de arma de fuego, tras un operativo de vigilancia y prevenci\u00f3n en el municipio de L\u00e1zaro C\u00e1rdenas. De acuerdo con el reporte oficial, los hechos ocurrieron durante recorridos [&hellip;]<\/p>\n","protected":false},"author":6,"featured_media":60158,"comment_status":"open","ping_status":"open","sticky":false,"template":"","format":"standard","meta":{"footnotes":""},"categories":[7,212],"tags":[],"class_list":["post-60157","post","type-post","status-publish","format-standard","has-post-thumbnail","hentry","category-ciudadanos","category-la-roja-bestial"],"amp_enabled":true,"_links":{"self":[{"href":"https:\/\/labestiapolitica.com.mx\/index.php?rest_route=\/wp\/v2\/posts\/60157","targetHints":{"allow":["GET"]}}],"collection":[{"href":"https:\/\/labestiapolitica.com.mx\/index.php?rest_route=\/wp\/v2\/posts"}],"about":[{"href":"https:\/\/labestiapolitica.com.mx\/index.php?rest_route=\/wp\/v2\/types\/post"}],"author":[{"embeddable":true,"href":"https:\/\/labestiapolitica.com.mx\/index.php?rest_route=\/wp\/v2\/users\/6"}],"replies":[{"embeddable":true,"href":"https:\/\/labestiapolitica.com.mx\/index.php?rest_route=%2Fwp%2Fv2%2Fcomments&post=60157"}],"version-history":[{"count":4,"href":"https:\/\/labestiapolitica.com.mx\/index.php?rest_route=\/wp\/v2\/posts\/60157\/revisions"}],"predecessor-version":[{"id":60179,"href":"https:\/\/labestiapolitica.com.mx\/index.php?rest_route=\/wp\/v2\/posts\/60157\/revisions\/60179"}],"wp:featuredmedia":[{"embeddable":true,"href":"https:\/\/labestiapolitica.com.mx\/index.php?rest_route=\/wp\/v2\/media\/60158"}],"wp:attachment":[{"href":"https:\/\/labestiapolitica.com.mx\/index.php?rest_route=%2Fwp%2Fv2%2Fmedia&parent=60157"}],"wp:term":[{"taxonomy":"category","embeddable":true,"href":"https:\/\/labestiapolitica.com.mx\/index.php?rest_route=%2Fwp%2Fv2%2Fcategories&post=60157"},{"taxonomy":"post_tag","embeddable":true,"href":"https:\/\/labestiapolitica.com.mx\/index.php?rest_route=%2Fwp%2Fv2%2Ftags&post=60157"}],"curies":[{"name":"wp","href":"https:\/\/api.w.org\/{rel}","templated":true}]}}