{"id":60174,"date":"2026-01-30T17:15:20","date_gmt":"2026-01-30T23:15:20","guid":{"rendered":"https:\/\/labestiapolitica.com.mx\/?p=60174"},"modified":"2026-01-30T17:15:20","modified_gmt":"2026-01-30T23:15:20","slug":"esther-terova-asume-presidencia-del-tribunal-electoral-de-tlaxcala","status":"publish","type":"post","link":"https:\/\/labestiapolitica.com.mx\/?p=60174","title":{"rendered":"Esther Terova asume presidencia del Tribunal Electoral de Tlaxcala."},"content":{"rendered":"<ul>\n<li style=\"text-align: justify;\">Fue electa para el periodo 2026-2028<\/li>\n<\/ul>\n<p style=\"text-align: justify;\">Ana S\u00e1nchez | Por unanimidad, el Pleno del Tribunal Electoral de Tlaxcala (TET) eligi\u00f3 a la magistrada Esther Terova Cote como su presidenta para el periodo del 1 de febrero de 2026 al 31 de enero de 2028, ratificando su liderazgo tras haber asumido el cargo de manera interina en noviembre pasado.<\/p>\n<p style=\"text-align: justify;\">En su toma de protesta, Terova Cote se comprometi\u00f3 a centrar cada decisi\u00f3n en la legalidad, imparcialidad y respeto a los derechos pol\u00edticos de la entidad, \u201ccada sentencia estar\u00e1 guiada por el respeto irrestricto a la Constituci\u00f3n\u201d, afirm\u00f3.<\/p>\n<p style=\"text-align: justify;\">La magistrada anunci\u00f3 que impulsar\u00e1 un modelo de justicia abierta, con transparencia en las resoluciones y uso de lenguaje claro y herramientas tecnol\u00f3gicas para acercar la instituci\u00f3n a la ciudadan\u00eda, adem\u00e1s, garantiz\u00f3 que se juzgar\u00e1 con perspectiva de g\u00e9nero e interculturalidad para proteger los derechos de mujeres, j\u00f3venes, comunidades ind\u00edgenas y grupos vulnerables.<\/p>\n<p style=\"text-align: justify;\">De cara al pr\u00f3ximo proceso electoral, Terova asegur\u00f3 que el TET ser\u00e1 garante de que se desarrolle con certeza, equidad y respeto a la voluntad popular, \u201cCada voto ser\u00e1 respetado\u201d, subray\u00f3, a\u00f1adiendo que estudiar\u00e1n a fondo la eventual reforma electoral federal para aplicarla conforme a derecho.<\/p>\n<p style=\"text-align: justify;\">La nueva presidenta adelant\u00f3 que realizar\u00e1 una evaluaci\u00f3n de todas las \u00e1reas del tribunal para optimizar resultados, aunque aclar\u00f3 que su objetivo es preservar los espacios laborales y fortalecer la instituci\u00f3n.<\/p>\n","protected":false},"excerpt":{"rendered":"<p>Fue electa para el periodo 2026-2028 Ana S\u00e1nchez | Por unanimidad, el Pleno del Tribunal Electoral de Tlaxcala (TET) eligi\u00f3 a la magistrada Esther Terova Cote como su presidenta para el periodo del 1 de febrero de 2026 al 31 de enero de 2028, ratificando su liderazgo tras haber asumido el cargo de manera interina [&hellip;]<\/p>\n","protected":false},"author":5,"featured_media":60175,"comment_status":"open","ping_status":"open","sticky":false,"template":"","format":"standard","meta":{"footnotes":""},"categories":[247],"tags":[],"class_list":["post-60174","post","type-post","status-publish","format-standard","has-post-thumbnail","hentry","category-politica"],"amp_enabled":true,"_links":{"self":[{"href":"https:\/\/labestiapolitica.com.mx\/index.php?rest_route=\/wp\/v2\/posts\/60174","targetHints":{"allow":["GET"]}}],"collection":[{"href":"https:\/\/labestiapolitica.com.mx\/index.php?rest_route=\/wp\/v2\/posts"}],"about":[{"href":"https:\/\/labestiapolitica.com.mx\/index.php?rest_route=\/wp\/v2\/types\/post"}],"author":[{"embeddable":true,"href":"https:\/\/labestiapolitica.com.mx\/index.php?rest_route=\/wp\/v2\/users\/5"}],"replies":[{"embeddable":true,"href":"https:\/\/labestiapolitica.com.mx\/index.php?rest_route=%2Fwp%2Fv2%2Fcomments&post=60174"}],"version-history":[{"count":1,"href":"https:\/\/labestiapolitica.com.mx\/index.php?rest_route=\/wp\/v2\/posts\/60174\/revisions"}],"predecessor-version":[{"id":60176,"href":"https:\/\/labestiapolitica.com.mx\/index.php?rest_route=\/wp\/v2\/posts\/60174\/revisions\/60176"}],"wp:featuredmedia":[{"embeddable":true,"href":"https:\/\/labestiapolitica.com.mx\/index.php?rest_route=\/wp\/v2\/media\/60175"}],"wp:attachment":[{"href":"https:\/\/labestiapolitica.com.mx\/index.php?rest_route=%2Fwp%2Fv2%2Fmedia&parent=60174"}],"wp:term":[{"taxonomy":"category","embeddable":true,"href":"https:\/\/labestiapolitica.com.mx\/index.php?rest_route=%2Fwp%2Fv2%2Fcategories&post=60174"},{"taxonomy":"post_tag","embeddable":true,"href":"https:\/\/labestiapolitica.com.mx\/index.php?rest_route=%2Fwp%2Fv2%2Ftags&post=60174"}],"curies":[{"name":"wp","href":"https:\/\/api.w.org\/{rel}","templated":true}]}}