{"id":60182,"date":"2026-01-30T17:54:57","date_gmt":"2026-01-30T23:54:57","guid":{"rendered":"https:\/\/labestiapolitica.com.mx\/?p=60182"},"modified":"2026-01-30T21:55:24","modified_gmt":"2026-01-31T03:55:24","slug":"pvem-en-tlaxcala-pide-respetar-tiempos-electorales-y-no-adelantar-alianzas","status":"publish","type":"post","link":"https:\/\/labestiapolitica.com.mx\/?p=60182","title":{"rendered":"PVEM en Tlaxcala pide respetar tiempos electorales y no adelantar alianzas."},"content":{"rendered":"<p style=\"text-align: justify;\">Mariana LOVERA | Tras la ratificaci\u00f3n nacional de la alianza del Partido Verde Ecologista de M\u00e9xico (PVEM) con Morena y el Partido del Trabajo (PT), la dirigencia estatal del partido en Tlaxcala emiti\u00f3 un comunicado para deslindarse de cualquier actividad electoral local conjunta en este momento y, de manera inusual, orden\u00f3 a toda su estructura abstenerse de participar en procesos internos de sus aliados.<\/p>\n<p style=\"text-align: justify;\">El documento, firmado por la Secretaria General del PVEM en Tlaxcala, Mariela Elizabeth Marqu\u00e9s L\u00f3pez, reconoce la continuidad de la alianza a nivel federal, gestionada desde el Comit\u00e9 Ejecutivo Nacional (CEN) encabezado por la senadora Karen Castrej\u00f3n Trujillo. Este pacto busca apoyar la agenda de la Presidenta Claudia Sheinbaum y definir candidaturas para distritos federales y senadur\u00edas.<\/p>\n<p style=\"text-align: justify;\">Sin embargo, el PVEM tlaxcalteca hace una distinci\u00f3n crucial: \u00abla continuidad de la alianza con los partidos pol\u00edticos mencionados no est\u00e1 prevista\u00bb en el estado, ya que no se encuentran en un proceso electoral local activo.<\/p>\n<p style=\"text-align: justify;\">El llamado m\u00e1s firme del comunicado es una directriz a su militancia, simpatizantes, coordinadores municipales y, significativamente, a todos sus servidores p\u00fablicos electos (presidentes municipales, s\u00edndicos, regidores y presidentes de comunidad), para que se abstengan de involucrarse en los procesos internos de Morena y el PT.<\/p>\n<p style=\"text-align: justify;\">La prohibici\u00f3n es amplia e incluye \u00abmensajes de apoyo, pinta de bardas, difusi\u00f3n de propaganda, reuniones, etc.\u00bb La raz\u00f3n, explica el partido, es que en Tlaxcala se someter\u00e1n al proceso interno que emita el propio PVEM a trav\u00e9s de su Comisi\u00f3n Nacional, priorizando una participaci\u00f3n \u00abindividual\u00bb en el pr\u00f3ximo proceso electoral local, que a\u00fan no inicia.<\/p>\n<p style=\"text-align: justify;\">Este comunicado parece ser un esfuerzo por controlar a su base y evitar que, ante la alianza nacional, militantes verdes empiecen a apoyar abiertamente a figuras o precandidatos de Morena o el PT en lo local, lo que podr\u00eda debilitar la estructura y disciplina interna del PVEM en la entidad. Subraya una tensi\u00f3n com\u00fan en las coaliciones: equilibrar la cooperaci\u00f3n a nivel nacional con la preservaci\u00f3n de la identidad y los interes partidistas en cada estado.<\/p>\n<p style=\"text-align: justify;\">El PVEM tlaxcalteca cierra el mensaje reafirmando su compromiso con la \u00ablegalidad, la transparencia y el trabajo responsable\u00bb, mientras se prepara para definir su rumbo interno antes de eventuales negociaciones locales de alianza.<\/p>\n","protected":false},"excerpt":{"rendered":"<p>Mariana LOVERA | Tras la ratificaci\u00f3n nacional de la alianza del Partido Verde Ecologista de M\u00e9xico (PVEM) con Morena y el Partido del Trabajo (PT), la dirigencia estatal del partido en Tlaxcala emiti\u00f3 un comunicado para deslindarse de cualquier actividad electoral local conjunta en este momento y, de manera inusual, orden\u00f3 a toda su estructura [&hellip;]<\/p>\n","protected":false},"author":6,"featured_media":60183,"comment_status":"open","ping_status":"open","sticky":false,"template":"","format":"standard","meta":{"footnotes":""},"categories":[247,261],"tags":[],"class_list":["post-60182","post","type-post","status-publish","format-standard","has-post-thumbnail","hentry","category-politica","category-pv"],"amp_enabled":true,"_links":{"self":[{"href":"https:\/\/labestiapolitica.com.mx\/index.php?rest_route=\/wp\/v2\/posts\/60182","targetHints":{"allow":["GET"]}}],"collection":[{"href":"https:\/\/labestiapolitica.com.mx\/index.php?rest_route=\/wp\/v2\/posts"}],"about":[{"href":"https:\/\/labestiapolitica.com.mx\/index.php?rest_route=\/wp\/v2\/types\/post"}],"author":[{"embeddable":true,"href":"https:\/\/labestiapolitica.com.mx\/index.php?rest_route=\/wp\/v2\/users\/6"}],"replies":[{"embeddable":true,"href":"https:\/\/labestiapolitica.com.mx\/index.php?rest_route=%2Fwp%2Fv2%2Fcomments&post=60182"}],"version-history":[{"count":1,"href":"https:\/\/labestiapolitica.com.mx\/index.php?rest_route=\/wp\/v2\/posts\/60182\/revisions"}],"predecessor-version":[{"id":60184,"href":"https:\/\/labestiapolitica.com.mx\/index.php?rest_route=\/wp\/v2\/posts\/60182\/revisions\/60184"}],"wp:featuredmedia":[{"embeddable":true,"href":"https:\/\/labestiapolitica.com.mx\/index.php?rest_route=\/wp\/v2\/media\/60183"}],"wp:attachment":[{"href":"https:\/\/labestiapolitica.com.mx\/index.php?rest_route=%2Fwp%2Fv2%2Fmedia&parent=60182"}],"wp:term":[{"taxonomy":"category","embeddable":true,"href":"https:\/\/labestiapolitica.com.mx\/index.php?rest_route=%2Fwp%2Fv2%2Fcategories&post=60182"},{"taxonomy":"post_tag","embeddable":true,"href":"https:\/\/labestiapolitica.com.mx\/index.php?rest_route=%2Fwp%2Fv2%2Ftags&post=60182"}],"curies":[{"name":"wp","href":"https:\/\/api.w.org\/{rel}","templated":true}]}}