{"id":64977,"date":"2026-03-03T12:20:30","date_gmt":"2026-03-03T18:20:30","guid":{"rendered":"https:\/\/labestiapolitica.com.mx\/?p=64977"},"modified":"2026-03-03T12:20:30","modified_gmt":"2026-03-03T18:20:30","slug":"%f0%9f%94%a5%f0%9f%9a%92-controlan-cuatro-incendios-en-chiautempan-mas-de-nueve-hectareas-resultan-afectadas","status":"publish","type":"post","link":"https:\/\/labestiapolitica.com.mx\/?p=64977","title":{"rendered":"\ud83d\udd25\ud83d\ude92 Controlan cuatro incendios en Chiautempan; m\u00e1s de nueve hect\u00e1reas resultan afectadas"},"content":{"rendered":"<p data-start=\"97\" data-end=\"334\">La Brigada de Protecci\u00f3n Civil de <span class=\"hover:entity-accent entity-underline inline cursor-pointer align-baseline\"><span class=\"whitespace-normal\">Chiautempan<\/span><\/span> atendi\u00f3 y sofoc\u00f3 cuatro incendios registrados en distintas comunidades del municipio, los cuales dejaron como saldo la afectaci\u00f3n de m\u00e1s de nueve hect\u00e1reas de campo.<\/p>\n<p data-start=\"336\" data-end=\"598\">El titular del \u00e1rea, Jos\u00e9 Juan Flores Hern\u00e1ndez, explic\u00f3 que los incendios fueron provocados principalmente por la quema irresponsable de pastizales y basura en barrancas, pr\u00e1cticas que representan un peligro tanto para la ciudadan\u00eda como para el medio ambiente.<\/p>\n<p data-start=\"600\" data-end=\"833\">En las labores participaron de forma coordinada la CAPACH, el \u00e1rea de Gobernaci\u00f3n, vecinos de las zonas afectadas y brigadistas de la <span class=\"hover:entity-accent entity-underline inline cursor-pointer align-baseline\"><span class=\"whitespace-normal\">Comisi\u00f3n Nacional Forestal<\/span><\/span> (CONAFOR), logrando contener el fuego y evitar mayores da\u00f1os.<\/p>\n<p data-start=\"835\" data-end=\"1174\">Asimismo, reiter\u00f3 que por instrucci\u00f3n de la presidenta municipal, <span class=\"hover:entity-accent entity-underline inline cursor-pointer align-baseline\"><span class=\"whitespace-normal\">Blanca Angulo<\/span><\/span>, se mantiene el compromiso de salvaguardar la integridad de la poblaci\u00f3n y proteger las \u00e1reas ambientales del municipio. Tambi\u00e9n advirti\u00f3 que cualquier persona que sea sorprendida provocando incendios ser\u00e1 sancionada conforme a la ley.<\/p>\n<p data-start=\"835\" data-end=\"1174\"><img loading=\"lazy\" decoding=\"async\" class=\"alignnone size-full wp-image-64833\" src=\"https:\/\/labestiapolitica.com.mx\/wp-content\/uploads\/2026\/03\/WhatsApp-Image-2025-09-09-at-1.53.55-PM.jpeg\" alt=\"\" width=\"940\" height=\"788\" srcset=\"https:\/\/labestiapolitica.com.mx\/wp-content\/uploads\/2026\/03\/WhatsApp-Image-2025-09-09-at-1.53.55-PM.jpeg 940w, https:\/\/labestiapolitica.com.mx\/wp-content\/uploads\/2026\/03\/WhatsApp-Image-2025-09-09-at-1.53.55-PM-300x251.jpeg 300w, https:\/\/labestiapolitica.com.mx\/wp-content\/uploads\/2026\/03\/WhatsApp-Image-2025-09-09-at-1.53.55-PM-768x644.jpeg 768w\" sizes=\"auto, (max-width: 940px) 100vw, 940px\" \/><\/p>\n","protected":false},"excerpt":{"rendered":"<p>La Brigada de Protecci\u00f3n Civil de Chiautempan atendi\u00f3 y sofoc\u00f3 cuatro incendios registrados en distintas comunidades del municipio, los cuales dejaron como saldo la afectaci\u00f3n de m\u00e1s de nueve hect\u00e1reas de campo. El titular del \u00e1rea, Jos\u00e9 Juan Flores Hern\u00e1ndez, explic\u00f3 que los incendios fueron provocados principalmente por la quema irresponsable de pastizales y basura [&hellip;]<\/p>\n","protected":false},"author":3,"featured_media":64978,"comment_status":"open","ping_status":"open","sticky":false,"template":"","format":"standard","meta":{"footnotes":""},"categories":[215],"tags":[],"class_list":["post-64977","post","type-post","status-publish","format-standard","has-post-thumbnail","hentry","category-chiautempan"],"amp_enabled":true,"_links":{"self":[{"href":"https:\/\/labestiapolitica.com.mx\/index.php?rest_route=\/wp\/v2\/posts\/64977","targetHints":{"allow":["GET"]}}],"collection":[{"href":"https:\/\/labestiapolitica.com.mx\/index.php?rest_route=\/wp\/v2\/posts"}],"about":[{"href":"https:\/\/labestiapolitica.com.mx\/index.php?rest_route=\/wp\/v2\/types\/post"}],"author":[{"embeddable":true,"href":"https:\/\/labestiapolitica.com.mx\/index.php?rest_route=\/wp\/v2\/users\/3"}],"replies":[{"embeddable":true,"href":"https:\/\/labestiapolitica.com.mx\/index.php?rest_route=%2Fwp%2Fv2%2Fcomments&post=64977"}],"version-history":[{"count":1,"href":"https:\/\/labestiapolitica.com.mx\/index.php?rest_route=\/wp\/v2\/posts\/64977\/revisions"}],"predecessor-version":[{"id":64979,"href":"https:\/\/labestiapolitica.com.mx\/index.php?rest_route=\/wp\/v2\/posts\/64977\/revisions\/64979"}],"wp:featuredmedia":[{"embeddable":true,"href":"https:\/\/labestiapolitica.com.mx\/index.php?rest_route=\/wp\/v2\/media\/64978"}],"wp:attachment":[{"href":"https:\/\/labestiapolitica.com.mx\/index.php?rest_route=%2Fwp%2Fv2%2Fmedia&parent=64977"}],"wp:term":[{"taxonomy":"category","embeddable":true,"href":"https:\/\/labestiapolitica.com.mx\/index.php?rest_route=%2Fwp%2Fv2%2Fcategories&post=64977"},{"taxonomy":"post_tag","embeddable":true,"href":"https:\/\/labestiapolitica.com.mx\/index.php?rest_route=%2Fwp%2Fv2%2Ftags&post=64977"}],"curies":[{"name":"wp","href":"https:\/\/api.w.org\/{rel}","templated":true}]}}