{"id":64991,"date":"2026-03-03T13:24:28","date_gmt":"2026-03-03T19:24:28","guid":{"rendered":"https:\/\/labestiapolitica.com.mx\/?p=64991"},"modified":"2026-03-03T13:24:28","modified_gmt":"2026-03-03T19:24:28","slug":"%f0%9f%8e%a4%f0%9f%94%a5-jorge-guevara-encendio-el-corazon-de-la-feria-apizaco-2026","status":"publish","type":"post","link":"https:\/\/labestiapolitica.com.mx\/?p=64991","title":{"rendered":"\ud83c\udfa4\ud83d\udd25 Jorge Guevara encendi\u00f3 el coraz\u00f3n de la Feria Apizaco 2026"},"content":{"rendered":"<p style=\"text-align: justify;\" data-start=\"71\" data-end=\"356\">El Teatro del Pueblo vibr\u00f3 con una noche llena de nostalgia y energ\u00eda durante la presentaci\u00f3n estelar de <span class=\"hover:entity-accent entity-underline inline cursor-pointer align-baseline\"><span class=\"whitespace-normal\">Jorge Guevara<\/span><\/span>, ex vocalista de <span class=\"hover:entity-accent entity-underline inline cursor-pointer align-baseline\"><span class=\"whitespace-normal\">Elefante<\/span><\/span>, quien hizo cantar a cientos de asistentes en la <span class=\"hover:entity-accent entity-underline inline cursor-pointer align-baseline\"><span class=\"whitespace-normal\">Feria Apizaco 2026<\/span><\/span>.<\/p>\n<p style=\"text-align: justify;\" data-start=\"358\" data-end=\"537\">Desde los primeros acordes, el p\u00fablico core\u00f3 los \u00e9xitos que han marcado generaciones, en un espect\u00e1culo cargado de intensidad, recuerdos y una conexi\u00f3n cercana con los asistentes.<\/p>\n<p style=\"text-align: justify;\" data-start=\"539\" data-end=\"805\">Con su inconfundible voz y presencia esc\u00e9nica, Jorge Guevara comparti\u00f3 escenario con <span class=\"hover:entity-accent entity-underline inline cursor-pointer align-baseline\"><span class=\"whitespace-normal\">Mariana Ochoa<\/span><\/span>, logrando una velada memorable dentro de la cartelera art\u00edstica de la feria y reafirmando la apuesta por eventos de calidad para todas y todos.<\/p>\n<p style=\"text-align: justify;\" data-start=\"807\" data-end=\"983\">Previo al acto principal, la agrupaci\u00f3n + Salvajes encendi\u00f3 el escenario con su energ\u00eda y estilo, fortaleciendo el ambiente festivo y familiar que distingue a esta celebraci\u00f3n.<\/p>\n<p style=\"text-align: justify;\" data-start=\"985\" data-end=\"1157\">En <span class=\"hover:entity-accent entity-underline inline cursor-pointer align-baseline\"><span class=\"whitespace-normal\">Apizaco<\/span><\/span> contin\u00faan impuls\u00e1ndose espacios culturales y musicales que fortalecen la convivencia y consolidan la feria como referente regional.<\/p>\n<p data-start=\"985\" data-end=\"1157\"><img loading=\"lazy\" decoding=\"async\" class=\"alignnone size-full wp-image-64993\" src=\"https:\/\/labestiapolitica.com.mx\/wp-content\/uploads\/2026\/03\/WhatsApp-Image-2026-03-03-at-11.08.27-AM.jpeg\" alt=\"\" width=\"1500\" height=\"1000\" srcset=\"https:\/\/labestiapolitica.com.mx\/wp-content\/uploads\/2026\/03\/WhatsApp-Image-2026-03-03-at-11.08.27-AM.jpeg 1500w, https:\/\/labestiapolitica.com.mx\/wp-content\/uploads\/2026\/03\/WhatsApp-Image-2026-03-03-at-11.08.27-AM-300x200.jpeg 300w, https:\/\/labestiapolitica.com.mx\/wp-content\/uploads\/2026\/03\/WhatsApp-Image-2026-03-03-at-11.08.27-AM-1024x683.jpeg 1024w, https:\/\/labestiapolitica.com.mx\/wp-content\/uploads\/2026\/03\/WhatsApp-Image-2026-03-03-at-11.08.27-AM-768x512.jpeg 768w\" sizes=\"auto, (max-width: 1500px) 100vw, 1500px\" \/> <img loading=\"lazy\" decoding=\"async\" class=\"alignnone size-full wp-image-64994\" src=\"https:\/\/labestiapolitica.com.mx\/wp-content\/uploads\/2026\/03\/WhatsApp-Image-2026-03-03-at-11.08.26-AM-1.jpeg\" alt=\"\" width=\"1500\" height=\"1000\" srcset=\"https:\/\/labestiapolitica.com.mx\/wp-content\/uploads\/2026\/03\/WhatsApp-Image-2026-03-03-at-11.08.26-AM-1.jpeg 1500w, https:\/\/labestiapolitica.com.mx\/wp-content\/uploads\/2026\/03\/WhatsApp-Image-2026-03-03-at-11.08.26-AM-1-300x200.jpeg 300w, https:\/\/labestiapolitica.com.mx\/wp-content\/uploads\/2026\/03\/WhatsApp-Image-2026-03-03-at-11.08.26-AM-1-1024x683.jpeg 1024w, https:\/\/labestiapolitica.com.mx\/wp-content\/uploads\/2026\/03\/WhatsApp-Image-2026-03-03-at-11.08.26-AM-1-768x512.jpeg 768w\" sizes=\"auto, (max-width: 1500px) 100vw, 1500px\" \/> <img loading=\"lazy\" decoding=\"async\" class=\"alignnone size-full wp-image-64995\" src=\"https:\/\/labestiapolitica.com.mx\/wp-content\/uploads\/2026\/03\/WhatsApp-Image-2026-03-03-at-11.08.26-AM-2.jpeg\" alt=\"\" width=\"1500\" height=\"1000\" srcset=\"https:\/\/labestiapolitica.com.mx\/wp-content\/uploads\/2026\/03\/WhatsApp-Image-2026-03-03-at-11.08.26-AM-2.jpeg 1500w, https:\/\/labestiapolitica.com.mx\/wp-content\/uploads\/2026\/03\/WhatsApp-Image-2026-03-03-at-11.08.26-AM-2-300x200.jpeg 300w, https:\/\/labestiapolitica.com.mx\/wp-content\/uploads\/2026\/03\/WhatsApp-Image-2026-03-03-at-11.08.26-AM-2-1024x683.jpeg 1024w, https:\/\/labestiapolitica.com.mx\/wp-content\/uploads\/2026\/03\/WhatsApp-Image-2026-03-03-at-11.08.26-AM-2-768x512.jpeg 768w\" sizes=\"auto, (max-width: 1500px) 100vw, 1500px\" \/> <img loading=\"lazy\" decoding=\"async\" class=\"alignnone size-full wp-image-64996\" src=\"https:\/\/labestiapolitica.com.mx\/wp-content\/uploads\/2026\/03\/WhatsApp-Image-2026-03-03-at-11.08.28-AM-2.jpeg\" alt=\"\" width=\"1500\" height=\"1000\" srcset=\"https:\/\/labestiapolitica.com.mx\/wp-content\/uploads\/2026\/03\/WhatsApp-Image-2026-03-03-at-11.08.28-AM-2.jpeg 1500w, https:\/\/labestiapolitica.com.mx\/wp-content\/uploads\/2026\/03\/WhatsApp-Image-2026-03-03-at-11.08.28-AM-2-300x200.jpeg 300w, https:\/\/labestiapolitica.com.mx\/wp-content\/uploads\/2026\/03\/WhatsApp-Image-2026-03-03-at-11.08.28-AM-2-1024x683.jpeg 1024w, https:\/\/labestiapolitica.com.mx\/wp-content\/uploads\/2026\/03\/WhatsApp-Image-2026-03-03-at-11.08.28-AM-2-768x512.jpeg 768w\" sizes=\"auto, (max-width: 1500px) 100vw, 1500px\" \/> <img loading=\"lazy\" decoding=\"async\" class=\"alignnone size-full wp-image-64997\" src=\"https:\/\/labestiapolitica.com.mx\/wp-content\/uploads\/2026\/03\/WhatsApp-Image-2026-03-03-at-11.08.28-AM-1.jpeg\" alt=\"\" width=\"1500\" height=\"1000\" srcset=\"https:\/\/labestiapolitica.com.mx\/wp-content\/uploads\/2026\/03\/WhatsApp-Image-2026-03-03-at-11.08.28-AM-1.jpeg 1500w, https:\/\/labestiapolitica.com.mx\/wp-content\/uploads\/2026\/03\/WhatsApp-Image-2026-03-03-at-11.08.28-AM-1-300x200.jpeg 300w, https:\/\/labestiapolitica.com.mx\/wp-content\/uploads\/2026\/03\/WhatsApp-Image-2026-03-03-at-11.08.28-AM-1-1024x683.jpeg 1024w, https:\/\/labestiapolitica.com.mx\/wp-content\/uploads\/2026\/03\/WhatsApp-Image-2026-03-03-at-11.08.28-AM-1-768x512.jpeg 768w\" sizes=\"auto, (max-width: 1500px) 100vw, 1500px\" \/><\/p>\n","protected":false},"excerpt":{"rendered":"<p>El Teatro del Pueblo vibr\u00f3 con una noche llena de nostalgia y energ\u00eda durante la presentaci\u00f3n estelar de Jorge Guevara, ex vocalista de Elefante, quien hizo cantar a cientos de asistentes en la Feria Apizaco 2026. Desde los primeros acordes, el p\u00fablico core\u00f3 los \u00e9xitos que han marcado generaciones, en un espect\u00e1culo cargado de intensidad, [&hellip;]<\/p>\n","protected":false},"author":3,"featured_media":64992,"comment_status":"open","ping_status":"open","sticky":false,"template":"","format":"standard","meta":{"footnotes":""},"categories":[226],"tags":[],"class_list":["post-64991","post","type-post","status-publish","format-standard","has-post-thumbnail","hentry","category-apizaco"],"amp_enabled":true,"_links":{"self":[{"href":"https:\/\/labestiapolitica.com.mx\/index.php?rest_route=\/wp\/v2\/posts\/64991","targetHints":{"allow":["GET"]}}],"collection":[{"href":"https:\/\/labestiapolitica.com.mx\/index.php?rest_route=\/wp\/v2\/posts"}],"about":[{"href":"https:\/\/labestiapolitica.com.mx\/index.php?rest_route=\/wp\/v2\/types\/post"}],"author":[{"embeddable":true,"href":"https:\/\/labestiapolitica.com.mx\/index.php?rest_route=\/wp\/v2\/users\/3"}],"replies":[{"embeddable":true,"href":"https:\/\/labestiapolitica.com.mx\/index.php?rest_route=%2Fwp%2Fv2%2Fcomments&post=64991"}],"version-history":[{"count":1,"href":"https:\/\/labestiapolitica.com.mx\/index.php?rest_route=\/wp\/v2\/posts\/64991\/revisions"}],"predecessor-version":[{"id":64998,"href":"https:\/\/labestiapolitica.com.mx\/index.php?rest_route=\/wp\/v2\/posts\/64991\/revisions\/64998"}],"wp:featuredmedia":[{"embeddable":true,"href":"https:\/\/labestiapolitica.com.mx\/index.php?rest_route=\/wp\/v2\/media\/64992"}],"wp:attachment":[{"href":"https:\/\/labestiapolitica.com.mx\/index.php?rest_route=%2Fwp%2Fv2%2Fmedia&parent=64991"}],"wp:term":[{"taxonomy":"category","embeddable":true,"href":"https:\/\/labestiapolitica.com.mx\/index.php?rest_route=%2Fwp%2Fv2%2Fcategories&post=64991"},{"taxonomy":"post_tag","embeddable":true,"href":"https:\/\/labestiapolitica.com.mx\/index.php?rest_route=%2Fwp%2Fv2%2Ftags&post=64991"}],"curies":[{"name":"wp","href":"https:\/\/api.w.org\/{rel}","templated":true}]}}