{"id":65039,"date":"2026-03-03T15:10:03","date_gmt":"2026-03-03T21:10:03","guid":{"rendered":"https:\/\/labestiapolitica.com.mx\/?p=65039"},"modified":"2026-03-03T15:10:59","modified_gmt":"2026-03-03T21:10:59","slug":"65039","status":"publish","type":"post","link":"https:\/\/labestiapolitica.com.mx\/?p=65039","title":{"rendered":"\ud83d\udc9c\ud83c\udf38 Tetlanohcan conmemora el D\u00eda Internacional de la Mujer con una semana de actividades"},"content":{"rendered":"<p style=\"text-align: justify;\" data-start=\"97\" data-end=\"438\">En el marco del D\u00eda Internacional de la Mujer, el Gobierno Municipal de <span class=\"hover:entity-accent entity-underline inline cursor-pointer align-baseline\"><span class=\"whitespace-normal\">San Francisco Tetlanohcan<\/span><\/span> prepar\u00f3 una agenda de actividades del 2 al 9 de marzo, con el prop\u00f3sito de reconocer, fortalecer y visibilizar la participaci\u00f3n de las mujeres en los distintos \u00e1mbitos de la vida p\u00fablica, social, cultural y econ\u00f3mica del municipio.<\/p>\n<p style=\"text-align: justify;\" data-start=\"440\" data-end=\"725\">Durante esta Semana de la Mujer se desarrollar\u00e1n actividades formativas, deportivas, culturales y recreativas, entre ellas pl\u00e1ticas de reflexi\u00f3n, proyecci\u00f3n de cine con perspectiva de g\u00e9nero, jornadas de belleza, talleres creativos, as\u00ed como la Carrera por la Mujer y una Zumba masiva.<\/p>\n<p style=\"text-align: justify;\" data-start=\"727\" data-end=\"1055\">Tambi\u00e9n se realizar\u00e1 una expoventa de mujeres emprendedoras, se instalar\u00e1n m\u00f3dulos informativos por parte de distintas \u00e1reas municipales y se llevar\u00e1n a cabo actividades dirigidas a personas adultas mayores. Como parte del programa, se entregar\u00e1n reconocimientos a mujeres deportistas y a integrantes del Primer Cabildo Juvenil.<\/p>\n<p style=\"text-align: justify;\" data-start=\"1057\" data-end=\"1237\">El Gobierno Municipal reiter\u00f3 su compromiso con la igualdad sustantiva, la promoci\u00f3n de los derechos de las mujeres y la generaci\u00f3n de espacios que impulsen su desarrollo integral.<\/p>\n<p style=\"text-align: justify;\" data-start=\"1239\" data-end=\"1411\">Asimismo, invit\u00f3 a la poblaci\u00f3n a sumarse a las actividades programadas y fortalecer, desde cada \u00e1mbito, una cultura de respeto, equidad y reconocimiento hacia las mujeres.<\/p>\n<p data-start=\"1239\" data-end=\"1411\"><img loading=\"lazy\" decoding=\"async\" class=\"alignnone size-full wp-image-64833\" src=\"https:\/\/labestiapolitica.com.mx\/wp-content\/uploads\/2026\/03\/WhatsApp-Image-2025-09-09-at-1.53.55-PM.jpeg\" alt=\"\" width=\"940\" height=\"788\" srcset=\"https:\/\/labestiapolitica.com.mx\/wp-content\/uploads\/2026\/03\/WhatsApp-Image-2025-09-09-at-1.53.55-PM.jpeg 940w, https:\/\/labestiapolitica.com.mx\/wp-content\/uploads\/2026\/03\/WhatsApp-Image-2025-09-09-at-1.53.55-PM-300x251.jpeg 300w, https:\/\/labestiapolitica.com.mx\/wp-content\/uploads\/2026\/03\/WhatsApp-Image-2025-09-09-at-1.53.55-PM-768x644.jpeg 768w\" sizes=\"auto, (max-width: 940px) 100vw, 940px\" \/><\/p>\n","protected":false},"excerpt":{"rendered":"<p>En el marco del D\u00eda Internacional de la Mujer, el Gobierno Municipal de San Francisco Tetlanohcan prepar\u00f3 una agenda de actividades del 2 al 9 de marzo, con el prop\u00f3sito de reconocer, fortalecer y visibilizar la participaci\u00f3n de las mujeres en los distintos \u00e1mbitos de la vida p\u00fablica, social, cultural y econ\u00f3mica del municipio. Durante [&hellip;]<\/p>\n","protected":false},"author":3,"featured_media":65043,"comment_status":"open","ping_status":"open","sticky":false,"template":"","format":"standard","meta":{"footnotes":""},"categories":[259],"tags":[],"class_list":["post-65039","post","type-post","status-publish","format-standard","has-post-thumbnail","hentry","category-tetlanohcan"],"amp_enabled":true,"_links":{"self":[{"href":"https:\/\/labestiapolitica.com.mx\/index.php?rest_route=\/wp\/v2\/posts\/65039","targetHints":{"allow":["GET"]}}],"collection":[{"href":"https:\/\/labestiapolitica.com.mx\/index.php?rest_route=\/wp\/v2\/posts"}],"about":[{"href":"https:\/\/labestiapolitica.com.mx\/index.php?rest_route=\/wp\/v2\/types\/post"}],"author":[{"embeddable":true,"href":"https:\/\/labestiapolitica.com.mx\/index.php?rest_route=\/wp\/v2\/users\/3"}],"replies":[{"embeddable":true,"href":"https:\/\/labestiapolitica.com.mx\/index.php?rest_route=%2Fwp%2Fv2%2Fcomments&post=65039"}],"version-history":[{"count":2,"href":"https:\/\/labestiapolitica.com.mx\/index.php?rest_route=\/wp\/v2\/posts\/65039\/revisions"}],"predecessor-version":[{"id":65045,"href":"https:\/\/labestiapolitica.com.mx\/index.php?rest_route=\/wp\/v2\/posts\/65039\/revisions\/65045"}],"wp:featuredmedia":[{"embeddable":true,"href":"https:\/\/labestiapolitica.com.mx\/index.php?rest_route=\/wp\/v2\/media\/65043"}],"wp:attachment":[{"href":"https:\/\/labestiapolitica.com.mx\/index.php?rest_route=%2Fwp%2Fv2%2Fmedia&parent=65039"}],"wp:term":[{"taxonomy":"category","embeddable":true,"href":"https:\/\/labestiapolitica.com.mx\/index.php?rest_route=%2Fwp%2Fv2%2Fcategories&post=65039"},{"taxonomy":"post_tag","embeddable":true,"href":"https:\/\/labestiapolitica.com.mx\/index.php?rest_route=%2Fwp%2Fv2%2Ftags&post=65039"}],"curies":[{"name":"wp","href":"https:\/\/api.w.org\/{rel}","templated":true}]}}