{"id":65046,"date":"2026-03-03T16:13:02","date_gmt":"2026-03-03T22:13:02","guid":{"rendered":"https:\/\/labestiapolitica.com.mx\/?p=65046"},"modified":"2026-03-03T16:13:02","modified_gmt":"2026-03-03T22:13:02","slug":"%f0%9f%a4%9d%f0%9f%92%bc-impulsan-styc-y-ayuntamiento-de-amaxac-el-trabajo-digno-y-formal","status":"publish","type":"post","link":"https:\/\/labestiapolitica.com.mx\/?p=65046","title":{"rendered":"\ud83e\udd1d\ud83d\udcbc Impulsan STyC y Ayuntamiento de Amaxac el trabajo digno y formal"},"content":{"rendered":"<p style=\"text-align: justify;\" data-start=\"77\" data-end=\"415\">El presidente municipal de <span class=\"hover:entity-accent entity-underline inline cursor-pointer align-baseline\"><span class=\"whitespace-normal\">Amaxac de Guerrero<\/span><\/span>, <span class=\"hover:entity-accent entity-underline inline cursor-pointer align-baseline\"><span class=\"whitespace-normal\">Mauricio Pozos Casta\u00f1\u00f3n<\/span><\/span>, y el titular de la <span class=\"hover:entity-accent entity-underline inline cursor-pointer align-baseline\"><span class=\"whitespace-normal\">Secretar\u00eda de Trabajo y Competitividad de Tlaxcala<\/span><\/span> (STyC), <span class=\"hover:entity-accent entity-underline inline cursor-pointer align-baseline\"><span class=\"whitespace-normal\">Jos\u00e9 No\u00e9 Altamirano Islas<\/span><\/span>, firmaron un convenio de colaboraci\u00f3n para ampliar las oportunidades laborales y fortalecer proyectos productivos en el municipio.<\/p>\n<p style=\"text-align: justify;\" data-start=\"417\" data-end=\"638\">El acuerdo permitir\u00e1 que las y los ciudadanos accedan de manera inmediata a vacantes de empleo, as\u00ed como a apoyos para consolidar y mejorar negocios ya existentes, impulsando el bienestar laboral y econ\u00f3mico en la comuna.<\/p>\n<p style=\"text-align: justify;\" data-start=\"640\" data-end=\"910\">El alcalde destac\u00f3 el respaldo de la STyC y subray\u00f3 que este convenio fortalecer\u00e1 las acciones emprendidas por el Ayuntamiento en coordinaci\u00f3n con el Cabildo, reconociendo la intervenci\u00f3n de la regidora Violeta Garc\u00eda Montes como enlace para concretar esta colaboraci\u00f3n.<\/p>\n<p style=\"text-align: justify;\" data-start=\"912\" data-end=\"1178\">Se\u00f1al\u00f3 que el trabajo conjunto permitir\u00e1 implementar estrategias enfocadas en generar condiciones laborales m\u00e1s justas, promover la formalizaci\u00f3n del empleo e impulsar la inclusi\u00f3n laboral, especialmente de j\u00f3venes, mujeres y personas en situaci\u00f3n de vulnerabilidad.<\/p>\n<p style=\"text-align: justify;\" data-start=\"1180\" data-end=\"1409\">Por su parte, el secretario Jos\u00e9 No\u00e9 Altamirano Islas afirm\u00f3 que el objetivo es garantizar acceso a empleos dignos y sostenibles para todas y todos los tlaxcaltecas, promoviendo un mercado laboral m\u00e1s justo, formal y competitivo.<\/p>\n<p style=\"text-align: justify;\" data-start=\"1411\" data-end=\"1742\">Entre las acciones previstas se encuentran proyectos productivos para apoyar a peque\u00f1os emprendedores con herramientas b\u00e1sicas para fortalecer sus negocios, as\u00ed como ferias de empleo, cursos y talleres de primer empleo. Adem\u00e1s, se brindar\u00e1 acompa\u00f1amiento a unidades econ\u00f3micas para mejorar procesos y comercializaci\u00f3n de productos.<\/p>\n<p style=\"text-align: justify;\" data-start=\"1744\" data-end=\"1843\">Con este convenio, Amaxac refuerza su apuesta por el trabajo digno y el desarrollo econ\u00f3mico local.<\/p>\n<p data-start=\"1744\" data-end=\"1843\"><img loading=\"lazy\" decoding=\"async\" class=\"alignnone size-full wp-image-65048\" src=\"https:\/\/labestiapolitica.com.mx\/wp-content\/uploads\/2026\/03\/WhatsApp-Image-2026-03-03-at-3.46.19-PM.jpeg\" alt=\"\" width=\"1600\" height=\"939\" srcset=\"https:\/\/labestiapolitica.com.mx\/wp-content\/uploads\/2026\/03\/WhatsApp-Image-2026-03-03-at-3.46.19-PM.jpeg 1600w, https:\/\/labestiapolitica.com.mx\/wp-content\/uploads\/2026\/03\/WhatsApp-Image-2026-03-03-at-3.46.19-PM-300x176.jpeg 300w, https:\/\/labestiapolitica.com.mx\/wp-content\/uploads\/2026\/03\/WhatsApp-Image-2026-03-03-at-3.46.19-PM-1024x601.jpeg 1024w, https:\/\/labestiapolitica.com.mx\/wp-content\/uploads\/2026\/03\/WhatsApp-Image-2026-03-03-at-3.46.19-PM-768x451.jpeg 768w, https:\/\/labestiapolitica.com.mx\/wp-content\/uploads\/2026\/03\/WhatsApp-Image-2026-03-03-at-3.46.19-PM-1536x901.jpeg 1536w\" sizes=\"auto, (max-width: 1600px) 100vw, 1600px\" \/><\/p>\n<p data-start=\"1744\" data-end=\"1843\"><img loading=\"lazy\" decoding=\"async\" class=\"alignnone size-full wp-image-64833\" src=\"https:\/\/labestiapolitica.com.mx\/wp-content\/uploads\/2026\/03\/WhatsApp-Image-2025-09-09-at-1.53.55-PM.jpeg\" alt=\"\" width=\"940\" height=\"788\" srcset=\"https:\/\/labestiapolitica.com.mx\/wp-content\/uploads\/2026\/03\/WhatsApp-Image-2025-09-09-at-1.53.55-PM.jpeg 940w, https:\/\/labestiapolitica.com.mx\/wp-content\/uploads\/2026\/03\/WhatsApp-Image-2025-09-09-at-1.53.55-PM-300x251.jpeg 300w, https:\/\/labestiapolitica.com.mx\/wp-content\/uploads\/2026\/03\/WhatsApp-Image-2025-09-09-at-1.53.55-PM-768x644.jpeg 768w\" sizes=\"auto, (max-width: 940px) 100vw, 940px\" \/><\/p>\n","protected":false},"excerpt":{"rendered":"<p>El presidente municipal de Amaxac de Guerrero, Mauricio Pozos Casta\u00f1\u00f3n, y el titular de la Secretar\u00eda de Trabajo y Competitividad de Tlaxcala (STyC), Jos\u00e9 No\u00e9 Altamirano Islas, firmaron un convenio de colaboraci\u00f3n para ampliar las oportunidades laborales y fortalecer proyectos productivos en el municipio. El acuerdo permitir\u00e1 que las y los ciudadanos accedan de manera [&hellip;]<\/p>\n","protected":false},"author":3,"featured_media":65047,"comment_status":"open","ping_status":"open","sticky":false,"template":"","format":"standard","meta":{"footnotes":""},"categories":[265,259],"tags":[],"class_list":["post-65046","post","type-post","status-publish","format-standard","has-post-thumbnail","hentry","category-amaxac-de-guerrero","category-tetlanohcan"],"amp_enabled":true,"_links":{"self":[{"href":"https:\/\/labestiapolitica.com.mx\/index.php?rest_route=\/wp\/v2\/posts\/65046","targetHints":{"allow":["GET"]}}],"collection":[{"href":"https:\/\/labestiapolitica.com.mx\/index.php?rest_route=\/wp\/v2\/posts"}],"about":[{"href":"https:\/\/labestiapolitica.com.mx\/index.php?rest_route=\/wp\/v2\/types\/post"}],"author":[{"embeddable":true,"href":"https:\/\/labestiapolitica.com.mx\/index.php?rest_route=\/wp\/v2\/users\/3"}],"replies":[{"embeddable":true,"href":"https:\/\/labestiapolitica.com.mx\/index.php?rest_route=%2Fwp%2Fv2%2Fcomments&post=65046"}],"version-history":[{"count":1,"href":"https:\/\/labestiapolitica.com.mx\/index.php?rest_route=\/wp\/v2\/posts\/65046\/revisions"}],"predecessor-version":[{"id":65049,"href":"https:\/\/labestiapolitica.com.mx\/index.php?rest_route=\/wp\/v2\/posts\/65046\/revisions\/65049"}],"wp:featuredmedia":[{"embeddable":true,"href":"https:\/\/labestiapolitica.com.mx\/index.php?rest_route=\/wp\/v2\/media\/65047"}],"wp:attachment":[{"href":"https:\/\/labestiapolitica.com.mx\/index.php?rest_route=%2Fwp%2Fv2%2Fmedia&parent=65046"}],"wp:term":[{"taxonomy":"category","embeddable":true,"href":"https:\/\/labestiapolitica.com.mx\/index.php?rest_route=%2Fwp%2Fv2%2Fcategories&post=65046"},{"taxonomy":"post_tag","embeddable":true,"href":"https:\/\/labestiapolitica.com.mx\/index.php?rest_route=%2Fwp%2Fv2%2Ftags&post=65046"}],"curies":[{"name":"wp","href":"https:\/\/api.w.org\/{rel}","templated":true}]}}