{"id":65094,"date":"2026-03-03T19:28:45","date_gmt":"2026-03-04T01:28:45","guid":{"rendered":"https:\/\/labestiapolitica.com.mx\/?p=65094"},"modified":"2026-03-03T19:28:45","modified_gmt":"2026-03-04T01:28:45","slug":"congreso-del-estado-expide-ley-de-proteccion-de-datos-personales-en-posesion-de-sujetos-obligados-del-estado-de-tlaxcala","status":"publish","type":"post","link":"https:\/\/labestiapolitica.com.mx\/?p=65094","title":{"rendered":"Congreso del Estado expide Ley de Protecci\u00f3n de Datos Personales en Posesi\u00f3n de Sujetos Obligados del Estado de Tlaxcala."},"content":{"rendered":"<p style=\"font-weight: 400; text-align: justify;\">Las y los diputados integrantes de la LXV Legislatura del Congreso del Estado de Tlaxcala, aprobaron el Dictamen con Proyecto de Ley de Protecci\u00f3n de Datos Personales en Posesi\u00f3n de Sujetos Obligados del Estado de Tlaxcala, ordenamiento que establece un marco jur\u00eddico para garantizar el derecho de las personas a la protecci\u00f3n de su informaci\u00f3n personal en poder de las instituciones p\u00fablicas.<\/p>\n<p style=\"font-weight: 400; text-align: justify;\">El Dictamen fue presentado ante el Pleno por la Comisi\u00f3n de Puntos Constitucionales, Gobernaci\u00f3n y Justicia y Asuntos Pol\u00edticos, que preside el diputado Jaciel Gonz\u00e1lez Herrera, con el prop\u00f3sito de armonizar la legislaci\u00f3n local con la Ley General en la materia, fortaleciendo as\u00ed la protecci\u00f3n de los datos personales en el \u00e1mbito estatal.<\/p>\n<p style=\"font-weight: 400; text-align: justify;\">En su an\u00e1lisis, la comisi\u00f3n dictaminadora consider\u00f3 que el manejo responsable de la informaci\u00f3n personal constituye un elemento fundamental para la protecci\u00f3n de los derechos humanos en el contexto actual, caracterizado por el uso intensivo de tecnolog\u00edas digitales y el intercambio constante de informaci\u00f3n. En ese sentido, se destac\u00f3 la necesidad de establecer reglas claras que regulen la forma en que las autoridades recopilan, utilizan, resguardan y, en su caso, transfieren los datos personales de la ciudadan\u00eda.<\/p>\n<p style=\"font-weight: 400; text-align: justify;\">La nueva legislaci\u00f3n establece principios, procedimientos y mecanismos que deber\u00e1n observar los sujetos obligados en el tratamiento de datos personales, incorporando disposiciones orientadas a garantizar la licitud, finalidad, proporcionalidad y seguridad en el manejo de la informaci\u00f3n, asimismo, fortalece el ejercicio de los derechos de acceso, rectificaci\u00f3n, cancelaci\u00f3n y oposici\u00f3n, conocidos como derechos ARCO.<\/p>\n<p style=\"font-weight: 400; text-align: justify;\">Con esta Ley, se busca fortalecer el marco jur\u00eddico local, bajo los par\u00e1metros federales a efecto de brindar mayor certeza jur\u00eddica a la ciudadan\u00eda respecto del tratamiento de su informaci\u00f3n personal.<\/p>\n<p style=\"font-weight: 400; text-align: justify;\">Tras su aprobaci\u00f3n, se instruy\u00f3 la remisi\u00f3n del Decreto a la titular del Poder Ejecutivo para su sanci\u00f3n y publicaci\u00f3n en el Peri\u00f3dico Oficial del Gobierno del Estado.<\/p>\n","protected":false},"excerpt":{"rendered":"<p>Las y los diputados integrantes de la LXV Legislatura del Congreso del Estado de Tlaxcala, aprobaron el Dictamen con Proyecto de Ley de Protecci\u00f3n de Datos Personales en Posesi\u00f3n de Sujetos Obligados del Estado de Tlaxcala, ordenamiento que establece un marco jur\u00eddico para garantizar el derecho de las personas a la protecci\u00f3n de su informaci\u00f3n [&hellip;]<\/p>\n","protected":false},"author":3,"featured_media":65095,"comment_status":"open","ping_status":"open","sticky":false,"template":"","format":"standard","meta":{"footnotes":""},"categories":[224,247],"tags":[],"class_list":["post-65094","post","type-post","status-publish","format-standard","has-post-thumbnail","hentry","category-congreso-del-estado-de-tlaxcala","category-politica"],"amp_enabled":true,"_links":{"self":[{"href":"https:\/\/labestiapolitica.com.mx\/index.php?rest_route=\/wp\/v2\/posts\/65094","targetHints":{"allow":["GET"]}}],"collection":[{"href":"https:\/\/labestiapolitica.com.mx\/index.php?rest_route=\/wp\/v2\/posts"}],"about":[{"href":"https:\/\/labestiapolitica.com.mx\/index.php?rest_route=\/wp\/v2\/types\/post"}],"author":[{"embeddable":true,"href":"https:\/\/labestiapolitica.com.mx\/index.php?rest_route=\/wp\/v2\/users\/3"}],"replies":[{"embeddable":true,"href":"https:\/\/labestiapolitica.com.mx\/index.php?rest_route=%2Fwp%2Fv2%2Fcomments&post=65094"}],"version-history":[{"count":1,"href":"https:\/\/labestiapolitica.com.mx\/index.php?rest_route=\/wp\/v2\/posts\/65094\/revisions"}],"predecessor-version":[{"id":65096,"href":"https:\/\/labestiapolitica.com.mx\/index.php?rest_route=\/wp\/v2\/posts\/65094\/revisions\/65096"}],"wp:featuredmedia":[{"embeddable":true,"href":"https:\/\/labestiapolitica.com.mx\/index.php?rest_route=\/wp\/v2\/media\/65095"}],"wp:attachment":[{"href":"https:\/\/labestiapolitica.com.mx\/index.php?rest_route=%2Fwp%2Fv2%2Fmedia&parent=65094"}],"wp:term":[{"taxonomy":"category","embeddable":true,"href":"https:\/\/labestiapolitica.com.mx\/index.php?rest_route=%2Fwp%2Fv2%2Fcategories&post=65094"},{"taxonomy":"post_tag","embeddable":true,"href":"https:\/\/labestiapolitica.com.mx\/index.php?rest_route=%2Fwp%2Fv2%2Ftags&post=65094"}],"curies":[{"name":"wp","href":"https:\/\/api.w.org\/{rel}","templated":true}]}}