{"id":65106,"date":"2026-03-03T19:45:56","date_gmt":"2026-03-04T01:45:56","guid":{"rendered":"https:\/\/labestiapolitica.com.mx\/?p=65106"},"modified":"2026-03-03T19:45:56","modified_gmt":"2026-03-04T01:45:56","slug":"marcela-gonzalez-participara-en-sesion-del-consejo-nacional-de-morena","status":"publish","type":"post","link":"https:\/\/labestiapolitica.com.mx\/?p=65106","title":{"rendered":"Marcela Gonz\u00e1lez participar\u00e1 en sesi\u00f3n del Consejo Nacional de Morena."},"content":{"rendered":"<p style=\"text-align: justify;\">La presidenta estatal de Morena en Tlaxcala, Marcela Gonz\u00e1lez, inform\u00f3 que el pr\u00f3ximo s\u00e1bado 7 de marzo participar\u00e1 en la S\u00e9ptima Sesi\u00f3n Ordinaria del Consejo Nacional del partido, a realizarse en la Ciudad de M\u00e9xico.<\/p>\n<p style=\"text-align: justify;\">Durante la sesi\u00f3n se abordar\u00e1n temas clave para el fortalecimiento interno del movimiento, como la conformaci\u00f3n de los consejos municipales de los Comit\u00e9s Seccionales de Defensa de la Transformaci\u00f3n y el proceso de selecci\u00f3n de coordinadores estatales, distritales y municipales, rumbo a 2027.<\/p>\n<p style=\"text-align: justify;\">\u201cSeguimos fortaleciendo nuestro movimiento en todo el pa\u00eds. Este es un paso importante para consolidar nuestra estructura territorial y garantizar procesos internos con claridad, orden y apego a nuestros principios\u201d, se\u00f1al\u00f3.<\/p>\n<p style=\"text-align: justify;\">Morena en Tlaxcala reiter\u00f3 su compromiso de continuar trabajando en unidad y organizaci\u00f3n para fortalecer el proyecto de la Transformaci\u00f3n.<\/p>\n","protected":false},"excerpt":{"rendered":"<p>La presidenta estatal de Morena en Tlaxcala, Marcela Gonz\u00e1lez, inform\u00f3 que el pr\u00f3ximo s\u00e1bado 7 de marzo participar\u00e1 en la S\u00e9ptima Sesi\u00f3n Ordinaria del Consejo Nacional del partido, a realizarse en la Ciudad de M\u00e9xico. Durante la sesi\u00f3n se abordar\u00e1n temas clave para el fortalecimiento interno del movimiento, como la conformaci\u00f3n de los consejos municipales [&hellip;]<\/p>\n","protected":false},"author":3,"featured_media":65107,"comment_status":"open","ping_status":"open","sticky":false,"template":"","format":"standard","meta":{"footnotes":""},"categories":[249,264,247],"tags":[],"class_list":["post-65106","post","type-post","status-publish","format-standard","has-post-thumbnail","hentry","category-morena","category-partidos-politicos","category-politica"],"amp_enabled":true,"_links":{"self":[{"href":"https:\/\/labestiapolitica.com.mx\/index.php?rest_route=\/wp\/v2\/posts\/65106","targetHints":{"allow":["GET"]}}],"collection":[{"href":"https:\/\/labestiapolitica.com.mx\/index.php?rest_route=\/wp\/v2\/posts"}],"about":[{"href":"https:\/\/labestiapolitica.com.mx\/index.php?rest_route=\/wp\/v2\/types\/post"}],"author":[{"embeddable":true,"href":"https:\/\/labestiapolitica.com.mx\/index.php?rest_route=\/wp\/v2\/users\/3"}],"replies":[{"embeddable":true,"href":"https:\/\/labestiapolitica.com.mx\/index.php?rest_route=%2Fwp%2Fv2%2Fcomments&post=65106"}],"version-history":[{"count":1,"href":"https:\/\/labestiapolitica.com.mx\/index.php?rest_route=\/wp\/v2\/posts\/65106\/revisions"}],"predecessor-version":[{"id":65108,"href":"https:\/\/labestiapolitica.com.mx\/index.php?rest_route=\/wp\/v2\/posts\/65106\/revisions\/65108"}],"wp:featuredmedia":[{"embeddable":true,"href":"https:\/\/labestiapolitica.com.mx\/index.php?rest_route=\/wp\/v2\/media\/65107"}],"wp:attachment":[{"href":"https:\/\/labestiapolitica.com.mx\/index.php?rest_route=%2Fwp%2Fv2%2Fmedia&parent=65106"}],"wp:term":[{"taxonomy":"category","embeddable":true,"href":"https:\/\/labestiapolitica.com.mx\/index.php?rest_route=%2Fwp%2Fv2%2Fcategories&post=65106"},{"taxonomy":"post_tag","embeddable":true,"href":"https:\/\/labestiapolitica.com.mx\/index.php?rest_route=%2Fwp%2Fv2%2Ftags&post=65106"}],"curies":[{"name":"wp","href":"https:\/\/api.w.org\/{rel}","templated":true}]}}