{"id":65126,"date":"2026-03-04T09:52:43","date_gmt":"2026-03-04T15:52:43","guid":{"rendered":"https:\/\/labestiapolitica.com.mx\/?p=65126"},"modified":"2026-03-04T09:53:11","modified_gmt":"2026-03-04T15:53:11","slug":"%f0%9f%93%8a%f0%9f%97%b3%ef%b8%8f-oscar-flores-el-aspirante-sin-campana-que-ya-aparece-en-la-pelea-interna-de-morena","status":"publish","type":"post","link":"https:\/\/labestiapolitica.com.mx\/?p=65126","title":{"rendered":"\ud83d\udcca\ud83d\uddf3\ufe0f \u00d3scar Flores, el aspirante sin campa\u00f1a que ya aparece en la pelea interna de Morena"},"content":{"rendered":"<p style=\"text-align: justify;\" data-start=\"97\" data-end=\"497\"><span class=\"hover:entity-accent entity-underline inline cursor-pointer align-baseline\"><span class=\"whitespace-normal\">\u00d3scar Flores Jim\u00e9nez<\/span><\/span>, actual secretario de Finanzas del Gobierno del Estado de M\u00e9xico, aparece en el tercer lugar de las preferencias rumbo a la definici\u00f3n de la candidatura de <span class=\"hover:entity-accent entity-underline inline cursor-pointer align-baseline\"><span class=\"whitespace-normal\">Morena<\/span><\/span> a la gubernatura de <span class=\"hover:entity-accent entity-underline inline cursor-pointer align-baseline\"><span class=\"whitespace-normal\">Tlaxcala<\/span><\/span>, de acuerdo con la m\u00e1s reciente encuesta publicada por la revista <span class=\"hover:entity-accent entity-underline inline cursor-pointer align-baseline\"><span class=\"whitespace-normal\">Campaigns &amp; Elections M\u00e9xico<\/span><\/span> (C&amp;E).<\/p>\n<p style=\"text-align: justify;\" data-start=\"499\" data-end=\"710\">Seg\u00fan la medici\u00f3n correspondiente al mes de febrero, Flores Jim\u00e9nez se coloca como el \u00fanico aspirante que figura en la contienda interna sin haber realizado actividades p\u00fablicas de posicionamiento en la entidad.<\/p>\n<p style=\"text-align: justify;\" data-start=\"712\" data-end=\"929\">El estudio se\u00f1ala que la senadora <span class=\"hover:entity-accent entity-underline inline cursor-pointer align-baseline\"><span class=\"whitespace-normal\">Ana Lilia Rivera Rivera<\/span><\/span> y el alcalde capitalino <span class=\"hover:entity-accent entity-underline inline cursor-pointer align-baseline\"><span class=\"whitespace-normal\">Alfonso S\u00e1nchez Garc\u00eda<\/span><\/span> mantienen una competencia cerrada por la candidatura de Morena al gobierno estatal.<\/p>\n<p style=\"text-align: justify;\" data-start=\"931\" data-end=\"1245\">De acuerdo con los resultados, ante la pregunta sobre qui\u00e9n deber\u00eda ser la persona candidata de Morena a la gubernatura, el 32.5 por ciento de las personas encuestadas mencion\u00f3 a Ana Lilia Rivera, mientras que el 30 por ciento se\u00f1al\u00f3 a Alfonso S\u00e1nchez, ambos con meses realizando actividades de promoci\u00f3n pol\u00edtica.<\/p>\n<p style=\"text-align: justify;\" data-start=\"1247\" data-end=\"1468\">En tercer lugar aparece \u00d3scar Flores con el 17.6 por ciento de las preferencias, identificado con el movimiento lopezobradorista y considerado una figura emergente dentro del escenario pol\u00edtico rumbo al proceso electoral.<\/p>\n<p style=\"text-align: justify;\" data-start=\"1470\" data-end=\"1762\">La encuesta, publicada el 24 de febrero, indica que en un escenario donde la candidatura corresponda a una mujer, Rivera Rivera tendr\u00eda ventaja; sin embargo, si la nominaci\u00f3n fuera para un hombre, Flores Jim\u00e9nez podr\u00eda disputar la candidatura con el actual presidente municipal de la capital.<\/p>\n<p data-start=\"1470\" data-end=\"1762\"><img loading=\"lazy\" decoding=\"async\" class=\"alignnone size-full wp-image-64833\" src=\"https:\/\/labestiapolitica.com.mx\/wp-content\/uploads\/2026\/03\/WhatsApp-Image-2025-09-09-at-1.53.55-PM.jpeg\" alt=\"\" width=\"940\" height=\"788\" srcset=\"https:\/\/labestiapolitica.com.mx\/wp-content\/uploads\/2026\/03\/WhatsApp-Image-2025-09-09-at-1.53.55-PM.jpeg 940w, https:\/\/labestiapolitica.com.mx\/wp-content\/uploads\/2026\/03\/WhatsApp-Image-2025-09-09-at-1.53.55-PM-300x251.jpeg 300w, https:\/\/labestiapolitica.com.mx\/wp-content\/uploads\/2026\/03\/WhatsApp-Image-2025-09-09-at-1.53.55-PM-768x644.jpeg 768w\" sizes=\"auto, (max-width: 940px) 100vw, 940px\" \/><\/p>\n","protected":false},"excerpt":{"rendered":"<p>\u00d3scar Flores Jim\u00e9nez, actual secretario de Finanzas del Gobierno del Estado de M\u00e9xico, aparece en el tercer lugar de las preferencias rumbo a la definici\u00f3n de la candidatura de Morena a la gubernatura de Tlaxcala, de acuerdo con la m\u00e1s reciente encuesta publicada por la revista Campaigns &amp; Elections M\u00e9xico (C&amp;E). Seg\u00fan la medici\u00f3n correspondiente [&hellip;]<\/p>\n","protected":false},"author":3,"featured_media":65127,"comment_status":"open","ping_status":"open","sticky":false,"template":"","format":"standard","meta":{"footnotes":""},"categories":[249],"tags":[],"class_list":["post-65126","post","type-post","status-publish","format-standard","has-post-thumbnail","hentry","category-morena"],"amp_enabled":true,"_links":{"self":[{"href":"https:\/\/labestiapolitica.com.mx\/index.php?rest_route=\/wp\/v2\/posts\/65126","targetHints":{"allow":["GET"]}}],"collection":[{"href":"https:\/\/labestiapolitica.com.mx\/index.php?rest_route=\/wp\/v2\/posts"}],"about":[{"href":"https:\/\/labestiapolitica.com.mx\/index.php?rest_route=\/wp\/v2\/types\/post"}],"author":[{"embeddable":true,"href":"https:\/\/labestiapolitica.com.mx\/index.php?rest_route=\/wp\/v2\/users\/3"}],"replies":[{"embeddable":true,"href":"https:\/\/labestiapolitica.com.mx\/index.php?rest_route=%2Fwp%2Fv2%2Fcomments&post=65126"}],"version-history":[{"count":1,"href":"https:\/\/labestiapolitica.com.mx\/index.php?rest_route=\/wp\/v2\/posts\/65126\/revisions"}],"predecessor-version":[{"id":65128,"href":"https:\/\/labestiapolitica.com.mx\/index.php?rest_route=\/wp\/v2\/posts\/65126\/revisions\/65128"}],"wp:featuredmedia":[{"embeddable":true,"href":"https:\/\/labestiapolitica.com.mx\/index.php?rest_route=\/wp\/v2\/media\/65127"}],"wp:attachment":[{"href":"https:\/\/labestiapolitica.com.mx\/index.php?rest_route=%2Fwp%2Fv2%2Fmedia&parent=65126"}],"wp:term":[{"taxonomy":"category","embeddable":true,"href":"https:\/\/labestiapolitica.com.mx\/index.php?rest_route=%2Fwp%2Fv2%2Fcategories&post=65126"},{"taxonomy":"post_tag","embeddable":true,"href":"https:\/\/labestiapolitica.com.mx\/index.php?rest_route=%2Fwp%2Fv2%2Ftags&post=65126"}],"curies":[{"name":"wp","href":"https:\/\/api.w.org\/{rel}","templated":true}]}}