{"id":65133,"date":"2026-03-04T10:06:02","date_gmt":"2026-03-04T16:06:02","guid":{"rendered":"https:\/\/labestiapolitica.com.mx\/?p=65133"},"modified":"2026-03-04T10:06:02","modified_gmt":"2026-03-04T16:06:02","slug":"%f0%9f%8f%99%ef%b8%8f%f0%9f%9b%a0%ef%b8%8f-con-acciones-de-menos-escritorio-y-mas-territorio-avanza-el-rescate-de-la-capital","status":"publish","type":"post","link":"https:\/\/labestiapolitica.com.mx\/?p=65133","title":{"rendered":"\ud83c\udfd9\ufe0f\ud83d\udee0\ufe0f Con acciones de \u201cmenos escritorio y m\u00e1s territorio\u201d avanza el rescate de la capital"},"content":{"rendered":"<p style=\"text-align: justify;\" data-start=\"98\" data-end=\"455\">A trav\u00e9s de brigadas operativas del programa \u201cMenos escritorio y m\u00e1s territorio\u201d, el Ayuntamiento de <span class=\"hover:entity-accent entity-underline inline cursor-pointer align-baseline\"><span class=\"whitespace-normal\">Tlaxcala<\/span><\/span> realiz\u00f3 este martes diversas acciones de mejoramiento urbano en comunidades y colonias del municipio, con el objetivo de atender de manera directa las necesidades de la ciudadan\u00eda y avanzar en el rescate de la capital.<\/p>\n<p style=\"text-align: justify;\" data-start=\"457\" data-end=\"680\">En la comunidad de San Gabriel Cuauhtla se llevaron a cabo trabajos de nivelaci\u00f3n de adoqu\u00edn en la calle 20 de Noviembre, lo que contribuye a mejorar la movilidad y la seguridad de quienes transitan diariamente por la zona.<\/p>\n<p style=\"text-align: justify;\" data-start=\"682\" data-end=\"965\">De igual forma, en <span class=\"hover:entity-accent entity-underline inline cursor-pointer align-baseline\"><span class=\"whitespace-normal\">Ocotl\u00e1n<\/span><\/span> se realizaron labores de nivelaci\u00f3n de adoqu\u00edn en Privada Los Sabinos y de adocreto en la calle Victoria, acciones orientadas a dignificar los espacios p\u00fablicos y ofrecer vialidades m\u00e1s seguras y funcionales para las familias.<\/p>\n<p style=\"text-align: justify;\" data-start=\"967\" data-end=\"1239\">Como parte del fortalecimiento del tejido social, en la comunidad de <span class=\"hover:entity-accent entity-underline inline cursor-pointer align-baseline\"><span class=\"whitespace-normal\">Tepehitec<\/span><\/span> se instal\u00f3 el Comit\u00e9 de Vecinos Vigilantes en la calle Orqu\u00eddeas, iniciativa que promueve la participaci\u00f3n ciudadana y la corresponsabilidad en materia de seguridad.<\/p>\n<p style=\"text-align: justify;\" data-start=\"1241\" data-end=\"1540\">Asimismo, en <span class=\"hover:entity-accent entity-underline inline cursor-pointer align-baseline\"><span class=\"whitespace-normal\">Ixtulco<\/span><\/span> se realizaron trabajos de se\u00f1alizaci\u00f3n en una de sus vialidades principales, mientras que en Ocotl\u00e1n se atendi\u00f3 la reparaci\u00f3n de luminarias en Primera Privada Progreso, en Miraflores, reforzando el alumbrado p\u00fablico y la seguridad durante la noche.<\/p>\n<p style=\"text-align: justify;\" data-start=\"1542\" data-end=\"1755\">Con estas acciones, en las que tambi\u00e9n participa activamente la ciudadan\u00eda, el Gobierno Municipal reafirma su compromiso de consolidar la transformaci\u00f3n de la capital a trav\u00e9s del trabajo directo en el territorio.<\/p>\n<p data-start=\"1542\" data-end=\"1755\"><img loading=\"lazy\" decoding=\"async\" class=\"alignnone size-full wp-image-65135\" src=\"https:\/\/labestiapolitica.com.mx\/wp-content\/uploads\/2026\/03\/WhatsApp-Image-2026-03-04-at-8.44.30-AM-1.jpeg\" alt=\"\" width=\"720\" height=\"480\" srcset=\"https:\/\/labestiapolitica.com.mx\/wp-content\/uploads\/2026\/03\/WhatsApp-Image-2026-03-04-at-8.44.30-AM-1.jpeg 720w, https:\/\/labestiapolitica.com.mx\/wp-content\/uploads\/2026\/03\/WhatsApp-Image-2026-03-04-at-8.44.30-AM-1-300x200.jpeg 300w\" sizes=\"auto, (max-width: 720px) 100vw, 720px\" \/> <img loading=\"lazy\" decoding=\"async\" class=\"alignnone size-full wp-image-65136\" src=\"https:\/\/labestiapolitica.com.mx\/wp-content\/uploads\/2026\/03\/WhatsApp-Image-2026-03-04-at-8.44.30-AM.jpeg\" alt=\"\" width=\"1223\" height=\"816\" srcset=\"https:\/\/labestiapolitica.com.mx\/wp-content\/uploads\/2026\/03\/WhatsApp-Image-2026-03-04-at-8.44.30-AM.jpeg 1223w, https:\/\/labestiapolitica.com.mx\/wp-content\/uploads\/2026\/03\/WhatsApp-Image-2026-03-04-at-8.44.30-AM-300x200.jpeg 300w, https:\/\/labestiapolitica.com.mx\/wp-content\/uploads\/2026\/03\/WhatsApp-Image-2026-03-04-at-8.44.30-AM-1024x683.jpeg 1024w, https:\/\/labestiapolitica.com.mx\/wp-content\/uploads\/2026\/03\/WhatsApp-Image-2026-03-04-at-8.44.30-AM-768x512.jpeg 768w\" sizes=\"auto, (max-width: 1223px) 100vw, 1223px\" \/> <img loading=\"lazy\" decoding=\"async\" class=\"alignnone size-full wp-image-65137\" src=\"https:\/\/labestiapolitica.com.mx\/wp-content\/uploads\/2026\/03\/WhatsApp-Image-2026-03-04-at-8.44.29-AM-1.jpeg\" alt=\"\" width=\"928\" height=\"619\" srcset=\"https:\/\/labestiapolitica.com.mx\/wp-content\/uploads\/2026\/03\/WhatsApp-Image-2026-03-04-at-8.44.29-AM-1.jpeg 928w, https:\/\/labestiapolitica.com.mx\/wp-content\/uploads\/2026\/03\/WhatsApp-Image-2026-03-04-at-8.44.29-AM-1-300x200.jpeg 300w, https:\/\/labestiapolitica.com.mx\/wp-content\/uploads\/2026\/03\/WhatsApp-Image-2026-03-04-at-8.44.29-AM-1-768x512.jpeg 768w\" sizes=\"auto, (max-width: 928px) 100vw, 928px\" \/><\/p>\n","protected":false},"excerpt":{"rendered":"<p>A trav\u00e9s de brigadas operativas del programa \u201cMenos escritorio y m\u00e1s territorio\u201d, el Ayuntamiento de Tlaxcala realiz\u00f3 este martes diversas acciones de mejoramiento urbano en comunidades y colonias del municipio, con el objetivo de atender de manera directa las necesidades de la ciudadan\u00eda y avanzar en el rescate de la capital. En la comunidad de [&hellip;]<\/p>\n","protected":false},"author":3,"featured_media":65134,"comment_status":"open","ping_status":"open","sticky":false,"template":"","format":"standard","meta":{"footnotes":""},"categories":[214],"tags":[],"class_list":["post-65133","post","type-post","status-publish","format-standard","has-post-thumbnail","hentry","category-tlaxcala-capital"],"amp_enabled":true,"_links":{"self":[{"href":"https:\/\/labestiapolitica.com.mx\/index.php?rest_route=\/wp\/v2\/posts\/65133","targetHints":{"allow":["GET"]}}],"collection":[{"href":"https:\/\/labestiapolitica.com.mx\/index.php?rest_route=\/wp\/v2\/posts"}],"about":[{"href":"https:\/\/labestiapolitica.com.mx\/index.php?rest_route=\/wp\/v2\/types\/post"}],"author":[{"embeddable":true,"href":"https:\/\/labestiapolitica.com.mx\/index.php?rest_route=\/wp\/v2\/users\/3"}],"replies":[{"embeddable":true,"href":"https:\/\/labestiapolitica.com.mx\/index.php?rest_route=%2Fwp%2Fv2%2Fcomments&post=65133"}],"version-history":[{"count":1,"href":"https:\/\/labestiapolitica.com.mx\/index.php?rest_route=\/wp\/v2\/posts\/65133\/revisions"}],"predecessor-version":[{"id":65138,"href":"https:\/\/labestiapolitica.com.mx\/index.php?rest_route=\/wp\/v2\/posts\/65133\/revisions\/65138"}],"wp:featuredmedia":[{"embeddable":true,"href":"https:\/\/labestiapolitica.com.mx\/index.php?rest_route=\/wp\/v2\/media\/65134"}],"wp:attachment":[{"href":"https:\/\/labestiapolitica.com.mx\/index.php?rest_route=%2Fwp%2Fv2%2Fmedia&parent=65133"}],"wp:term":[{"taxonomy":"category","embeddable":true,"href":"https:\/\/labestiapolitica.com.mx\/index.php?rest_route=%2Fwp%2Fv2%2Fcategories&post=65133"},{"taxonomy":"post_tag","embeddable":true,"href":"https:\/\/labestiapolitica.com.mx\/index.php?rest_route=%2Fwp%2Fv2%2Ftags&post=65133"}],"curies":[{"name":"wp","href":"https:\/\/api.w.org\/{rel}","templated":true}]}}