{"id":65168,"date":"2026-03-04T12:59:55","date_gmt":"2026-03-04T18:59:55","guid":{"rendered":"https:\/\/labestiapolitica.com.mx\/?p=65168"},"modified":"2026-03-04T13:00:19","modified_gmt":"2026-03-04T19:00:19","slug":"%f0%9f%8e%b6%f0%9f%94%a5-miles-llenan-el-teatro-del-pueblo-de-apizaco-con-sonido-fania-y-sonido-condor","status":"publish","type":"post","link":"https:\/\/labestiapolitica.com.mx\/?p=65168","title":{"rendered":"\ud83c\udfb6\ud83d\udd25 Miles llenan el Teatro del Pueblo de Apizaco con Sonido Fania y Sonido C\u00f3ndor"},"content":{"rendered":"<p style=\"text-align: justify;\" data-start=\"90\" data-end=\"354\">La <span class=\"hover:entity-accent entity-underline inline cursor-pointer align-baseline\"><span class=\"whitespace-normal\">Feria Apizaco 2026<\/span><\/span> vivi\u00f3 una de sus noches m\u00e1s destacadas con la presentaci\u00f3n de <span class=\"hover:entity-accent entity-underline inline cursor-pointer align-baseline\"><span class=\"whitespace-normal\">Sonido Fania<\/span><\/span> y <span class=\"hover:entity-accent entity-underline inline cursor-pointer align-baseline\"><span class=\"whitespace-normal\">Sonido C\u00f3ndor<\/span><\/span>, quienes reunieron a miles de personas en un Teatro del Pueblo completamente lleno.<\/p>\n<p style=\"text-align: justify;\" data-start=\"356\" data-end=\"572\">Desde temprana hora, habitantes de <span class=\"hover:entity-accent entity-underline inline cursor-pointer align-baseline\"><span class=\"whitespace-normal\">Apizaco<\/span><\/span> y de municipios cercanos acudieron al recinto para disfrutar de un espect\u00e1culo que destac\u00f3 por su energ\u00eda, calidad musical y ambiente familiar.<\/p>\n<p style=\"text-align: justify;\" data-start=\"574\" data-end=\"760\">Durante varias horas, el Teatro del Pueblo se convirti\u00f3 en una gran pista de baile donde personas de todas las edades cantaron, aplaudieron y celebraron al ritmo de los \u00e9xitos sonideros.<\/p>\n<p style=\"text-align: justify;\" data-start=\"762\" data-end=\"955\">La amplia asistencia reafirma el \u00e9xito de la Feria Apizaco 2026 como un espacio de convivencia, tradici\u00f3n y entretenimiento, consolid\u00e1ndose como uno de los eventos m\u00e1s importantes de la regi\u00f3n.<\/p>\n<p style=\"text-align: justify;\" data-start=\"957\" data-end=\"1098\">Con presentaciones de alto nivel y una respuesta ciudadana entusiasta, Apizaco contin\u00faa demostrando que su feria se vive con gran intensidad.<\/p>\n<p data-start=\"957\" data-end=\"1098\"><img loading=\"lazy\" decoding=\"async\" class=\"alignnone size-full wp-image-65170\" src=\"https:\/\/labestiapolitica.com.mx\/wp-content\/uploads\/2026\/03\/WhatsApp-Image-2026-03-04-at-11.45.05-AM.jpeg\" alt=\"\" width=\"1500\" height=\"1000\" srcset=\"https:\/\/labestiapolitica.com.mx\/wp-content\/uploads\/2026\/03\/WhatsApp-Image-2026-03-04-at-11.45.05-AM.jpeg 1500w, https:\/\/labestiapolitica.com.mx\/wp-content\/uploads\/2026\/03\/WhatsApp-Image-2026-03-04-at-11.45.05-AM-300x200.jpeg 300w, https:\/\/labestiapolitica.com.mx\/wp-content\/uploads\/2026\/03\/WhatsApp-Image-2026-03-04-at-11.45.05-AM-1024x683.jpeg 1024w, https:\/\/labestiapolitica.com.mx\/wp-content\/uploads\/2026\/03\/WhatsApp-Image-2026-03-04-at-11.45.05-AM-768x512.jpeg 768w\" sizes=\"auto, (max-width: 1500px) 100vw, 1500px\" \/> <img loading=\"lazy\" decoding=\"async\" class=\"alignnone size-full wp-image-65171\" src=\"https:\/\/labestiapolitica.com.mx\/wp-content\/uploads\/2026\/03\/WhatsApp-Image-2026-03-04-at-11.45.05-AM-1.jpeg\" alt=\"\" width=\"1500\" height=\"1000\" srcset=\"https:\/\/labestiapolitica.com.mx\/wp-content\/uploads\/2026\/03\/WhatsApp-Image-2026-03-04-at-11.45.05-AM-1.jpeg 1500w, https:\/\/labestiapolitica.com.mx\/wp-content\/uploads\/2026\/03\/WhatsApp-Image-2026-03-04-at-11.45.05-AM-1-300x200.jpeg 300w, https:\/\/labestiapolitica.com.mx\/wp-content\/uploads\/2026\/03\/WhatsApp-Image-2026-03-04-at-11.45.05-AM-1-1024x683.jpeg 1024w, https:\/\/labestiapolitica.com.mx\/wp-content\/uploads\/2026\/03\/WhatsApp-Image-2026-03-04-at-11.45.05-AM-1-768x512.jpeg 768w\" sizes=\"auto, (max-width: 1500px) 100vw, 1500px\" \/><\/p>\n","protected":false},"excerpt":{"rendered":"<p>La Feria Apizaco 2026 vivi\u00f3 una de sus noches m\u00e1s destacadas con la presentaci\u00f3n de Sonido Fania y Sonido C\u00f3ndor, quienes reunieron a miles de personas en un Teatro del Pueblo completamente lleno. Desde temprana hora, habitantes de Apizaco y de municipios cercanos acudieron al recinto para disfrutar de un espect\u00e1culo que destac\u00f3 por su [&hellip;]<\/p>\n","protected":false},"author":3,"featured_media":65169,"comment_status":"open","ping_status":"open","sticky":false,"template":"","format":"standard","meta":{"footnotes":""},"categories":[226],"tags":[],"class_list":["post-65168","post","type-post","status-publish","format-standard","has-post-thumbnail","hentry","category-apizaco"],"amp_enabled":true,"_links":{"self":[{"href":"https:\/\/labestiapolitica.com.mx\/index.php?rest_route=\/wp\/v2\/posts\/65168","targetHints":{"allow":["GET"]}}],"collection":[{"href":"https:\/\/labestiapolitica.com.mx\/index.php?rest_route=\/wp\/v2\/posts"}],"about":[{"href":"https:\/\/labestiapolitica.com.mx\/index.php?rest_route=\/wp\/v2\/types\/post"}],"author":[{"embeddable":true,"href":"https:\/\/labestiapolitica.com.mx\/index.php?rest_route=\/wp\/v2\/users\/3"}],"replies":[{"embeddable":true,"href":"https:\/\/labestiapolitica.com.mx\/index.php?rest_route=%2Fwp%2Fv2%2Fcomments&post=65168"}],"version-history":[{"count":1,"href":"https:\/\/labestiapolitica.com.mx\/index.php?rest_route=\/wp\/v2\/posts\/65168\/revisions"}],"predecessor-version":[{"id":65172,"href":"https:\/\/labestiapolitica.com.mx\/index.php?rest_route=\/wp\/v2\/posts\/65168\/revisions\/65172"}],"wp:featuredmedia":[{"embeddable":true,"href":"https:\/\/labestiapolitica.com.mx\/index.php?rest_route=\/wp\/v2\/media\/65169"}],"wp:attachment":[{"href":"https:\/\/labestiapolitica.com.mx\/index.php?rest_route=%2Fwp%2Fv2%2Fmedia&parent=65168"}],"wp:term":[{"taxonomy":"category","embeddable":true,"href":"https:\/\/labestiapolitica.com.mx\/index.php?rest_route=%2Fwp%2Fv2%2Fcategories&post=65168"},{"taxonomy":"post_tag","embeddable":true,"href":"https:\/\/labestiapolitica.com.mx\/index.php?rest_route=%2Fwp%2Fv2%2Ftags&post=65168"}],"curies":[{"name":"wp","href":"https:\/\/api.w.org\/{rel}","templated":true}]}}