{"id":66048,"date":"2026-03-10T13:34:09","date_gmt":"2026-03-10T19:34:09","guid":{"rendered":"https:\/\/labestiapolitica.com.mx\/?p=66048"},"modified":"2026-03-10T13:34:09","modified_gmt":"2026-03-10T19:34:09","slug":"%f0%9f%93%90%f0%9f%8f%97%ef%b8%8f-umt-arquitectura-fortalece-vinculos-con-el-gremio-profesional-en-tlaxcala","status":"publish","type":"post","link":"https:\/\/labestiapolitica.com.mx\/?p=66048","title":{"rendered":"\ud83d\udcd0\ud83c\udfd7\ufe0f UMT Arquitectura fortalece v\u00ednculos con el gremio profesional en Tlaxcala"},"content":{"rendered":"<p style=\"text-align: justify;\" data-start=\"87\" data-end=\"269\">La Licenciatura en Arquitectura de la <span class=\"hover:entity-accent entity-underline inline cursor-pointer align-baseline\"><span class=\"whitespace-normal\">Universidad Metropolitana de Tlaxcala<\/span><\/span> particip\u00f3 en la toma de protesta de la Mesa Directiva 2026\u20132027 del <span class=\"hover:entity-accent entity-underline inline cursor-pointer align-baseline\"><span class=\"whitespace-normal\">Colegio de Arquitectos del Estado de Tlaxcala<\/span><\/span>.<\/p>\n<p style=\"text-align: justify;\" data-start=\"271\" data-end=\"499\">Durante el acto, el maestro <span class=\"hover:entity-accent entity-underline inline cursor-pointer align-baseline\"><span class=\"whitespace-normal\">Humberto Enr\u00edquez V\u00e1zquez<\/span><\/span>, director de la Licenciatura en Arquitectura, acompa\u00f1\u00f3 este importante momento institucional que fortalece los v\u00ednculos entre la academia y el gremio profesional.<\/p>\n<p style=\"text-align: justify;\" data-start=\"501\" data-end=\"663\">En el evento se felicit\u00f3 a la arquitecta <span class=\"hover:entity-accent entity-underline inline cursor-pointer align-baseline\"><span class=\"whitespace-normal\">Miriam Huerta Barrios<\/span><\/span>, quien se convierte en la segunda mujer en asumir la presidencia de este organismo.<\/p>\n<p style=\"text-align: justify;\" data-start=\"665\" data-end=\"1008\">Asimismo, se destac\u00f3 la conferencia <strong data-start=\"701\" data-end=\"740\">\u201cLa construcci\u00f3n social del riesgo\u201d<\/strong>, impartida por el arquitecto <span class=\"hover:entity-accent entity-underline inline cursor-pointer align-baseline\"><span class=\"whitespace-normal\">Jos\u00e9 Manuel Trigos<\/span><\/span>, en la que se abord\u00f3 la importancia de la prevenci\u00f3n, la resiliencia urbana y el papel de la arquitectura y el urbanismo en la construcci\u00f3n de ciudades m\u00e1s seguras y preparadas ante distintos riesgos.<\/p>\n<p data-start=\"665\" data-end=\"1008\"><img loading=\"lazy\" decoding=\"async\" class=\"alignnone size-full wp-image-66052\" src=\"https:\/\/labestiapolitica.com.mx\/wp-content\/uploads\/2026\/03\/650144682_1390774913091492_5110656963874472312_n.jpg\" alt=\"\" width=\"960\" height=\"1280\" srcset=\"https:\/\/labestiapolitica.com.mx\/wp-content\/uploads\/2026\/03\/650144682_1390774913091492_5110656963874472312_n.jpg 960w, https:\/\/labestiapolitica.com.mx\/wp-content\/uploads\/2026\/03\/650144682_1390774913091492_5110656963874472312_n-225x300.jpg 225w, https:\/\/labestiapolitica.com.mx\/wp-content\/uploads\/2026\/03\/650144682_1390774913091492_5110656963874472312_n-768x1024.jpg 768w\" sizes=\"auto, (max-width: 960px) 100vw, 960px\" \/> <img loading=\"lazy\" decoding=\"async\" class=\"alignnone size-full wp-image-66053\" src=\"https:\/\/labestiapolitica.com.mx\/wp-content\/uploads\/2026\/03\/650068676_1390774866424830_8917647911392747717_n.jpg\" alt=\"\" width=\"960\" height=\"1280\" srcset=\"https:\/\/labestiapolitica.com.mx\/wp-content\/uploads\/2026\/03\/650068676_1390774866424830_8917647911392747717_n.jpg 960w, https:\/\/labestiapolitica.com.mx\/wp-content\/uploads\/2026\/03\/650068676_1390774866424830_8917647911392747717_n-225x300.jpg 225w, https:\/\/labestiapolitica.com.mx\/wp-content\/uploads\/2026\/03\/650068676_1390774866424830_8917647911392747717_n-768x1024.jpg 768w\" sizes=\"auto, (max-width: 960px) 100vw, 960px\" \/><\/p>\n","protected":false},"excerpt":{"rendered":"<p>La Licenciatura en Arquitectura de la Universidad Metropolitana de Tlaxcala particip\u00f3 en la toma de protesta de la Mesa Directiva 2026\u20132027 del Colegio de Arquitectos del Estado de Tlaxcala. Durante el acto, el maestro Humberto Enr\u00edquez V\u00e1zquez, director de la Licenciatura en Arquitectura, acompa\u00f1\u00f3 este importante momento institucional que fortalece los v\u00ednculos entre la academia [&hellip;]<\/p>\n","protected":false},"author":3,"featured_media":66051,"comment_status":"open","ping_status":"open","sticky":false,"template":"","format":"standard","meta":{"footnotes":""},"categories":[244],"tags":[],"class_list":["post-66048","post","type-post","status-publish","format-standard","has-post-thumbnail","hentry","category-umt"],"amp_enabled":true,"_links":{"self":[{"href":"https:\/\/labestiapolitica.com.mx\/index.php?rest_route=\/wp\/v2\/posts\/66048","targetHints":{"allow":["GET"]}}],"collection":[{"href":"https:\/\/labestiapolitica.com.mx\/index.php?rest_route=\/wp\/v2\/posts"}],"about":[{"href":"https:\/\/labestiapolitica.com.mx\/index.php?rest_route=\/wp\/v2\/types\/post"}],"author":[{"embeddable":true,"href":"https:\/\/labestiapolitica.com.mx\/index.php?rest_route=\/wp\/v2\/users\/3"}],"replies":[{"embeddable":true,"href":"https:\/\/labestiapolitica.com.mx\/index.php?rest_route=%2Fwp%2Fv2%2Fcomments&post=66048"}],"version-history":[{"count":1,"href":"https:\/\/labestiapolitica.com.mx\/index.php?rest_route=\/wp\/v2\/posts\/66048\/revisions"}],"predecessor-version":[{"id":66054,"href":"https:\/\/labestiapolitica.com.mx\/index.php?rest_route=\/wp\/v2\/posts\/66048\/revisions\/66054"}],"wp:featuredmedia":[{"embeddable":true,"href":"https:\/\/labestiapolitica.com.mx\/index.php?rest_route=\/wp\/v2\/media\/66051"}],"wp:attachment":[{"href":"https:\/\/labestiapolitica.com.mx\/index.php?rest_route=%2Fwp%2Fv2%2Fmedia&parent=66048"}],"wp:term":[{"taxonomy":"category","embeddable":true,"href":"https:\/\/labestiapolitica.com.mx\/index.php?rest_route=%2Fwp%2Fv2%2Fcategories&post=66048"},{"taxonomy":"post_tag","embeddable":true,"href":"https:\/\/labestiapolitica.com.mx\/index.php?rest_route=%2Fwp%2Fv2%2Ftags&post=66048"}],"curies":[{"name":"wp","href":"https:\/\/api.w.org\/{rel}","templated":true}]}}