{"id":66055,"date":"2026-03-10T13:43:52","date_gmt":"2026-03-10T19:43:52","guid":{"rendered":"https:\/\/labestiapolitica.com.mx\/?p=66055"},"modified":"2026-03-10T13:43:52","modified_gmt":"2026-03-10T19:43:52","slug":"%f0%9f%91%a9%f0%9f%8d%b3%f0%9f%8e%93-karla-judith-ruiz-munoz-obtiene-su-titulo-como-licenciada-en-gastronomia-en-la-umt","status":"publish","type":"post","link":"https:\/\/labestiapolitica.com.mx\/?p=66055","title":{"rendered":"\ud83d\udc69\u200d\ud83c\udf73\ud83c\udf93 Karla Judith Ruiz Mu\u00f1oz obtiene su t\u00edtulo como Licenciada en Gastronom\u00eda en la UMT"},"content":{"rendered":"<p style=\"text-align: justify;\" data-start=\"98\" data-end=\"307\">En un acto que reafirma el compromiso con la formaci\u00f3n de profesionales de excelencia, Karla Judith Ruiz Mu\u00f1oz recibi\u00f3 su t\u00edtulo como <strong data-start=\"232\" data-end=\"261\">Licenciada en Gastronom\u00eda<\/strong> por la <span class=\"hover:entity-accent entity-underline inline cursor-pointer align-baseline\"><span class=\"whitespace-normal\">Universidad Metropolitana de Tlaxcala<\/span><\/span>.<\/p>\n<p style=\"text-align: justify;\" data-start=\"309\" data-end=\"595\">Este logro representa la culminaci\u00f3n de su formaci\u00f3n acad\u00e9mica y refleja el esfuerzo, disciplina y conocimiento que desarroll\u00f3 a lo largo de sus estudios, respaldados por un destacado promedio y el dominio de t\u00e9cnicas culinarias, as\u00ed como una visi\u00f3n estrat\u00e9gica del sector gastron\u00f3mico.<\/p>\n<p style=\"text-align: justify;\" data-start=\"597\" data-end=\"978\">La ceremonia protocolaria fue encabezada por la rectora de la instituci\u00f3n, <span class=\"hover:entity-accent entity-underline inline cursor-pointer align-baseline\"><span class=\"whitespace-normal\">Marcelina Cruz Ordaz<\/span><\/span>, quien destac\u00f3 los pilares que distinguen a la universidad en el \u00e1mbito educativo. Durante su mensaje, subray\u00f3 que la instituci\u00f3n mantiene una diferencia competitiva gracias a su claustro docente, cuya experiencia profesional se traduce en una ense\u00f1anza de alto nivel.<\/p>\n<p style=\"text-align: justify;\" data-start=\"980\" data-end=\"1180\">Autoridades acad\u00e9micas y comunidad universitaria felicitaron a la chef Karla Judith Ruiz Mu\u00f1oz por este importante logro, dese\u00e1ndole \u00e9xito en los proyectos que emprenda dentro del \u00e1mbito gastron\u00f3mico.<\/p>\n<p data-start=\"980\" data-end=\"1180\"><img loading=\"lazy\" decoding=\"async\" class=\"alignnone size-full wp-image-66062\" src=\"https:\/\/labestiapolitica.com.mx\/wp-content\/uploads\/2026\/03\/648641349_1389066606595656_2315629017008612172_n-1.jpg\" alt=\"\" width=\"2048\" height=\"1365\" srcset=\"https:\/\/labestiapolitica.com.mx\/wp-content\/uploads\/2026\/03\/648641349_1389066606595656_2315629017008612172_n-1.jpg 2048w, https:\/\/labestiapolitica.com.mx\/wp-content\/uploads\/2026\/03\/648641349_1389066606595656_2315629017008612172_n-1-300x200.jpg 300w, https:\/\/labestiapolitica.com.mx\/wp-content\/uploads\/2026\/03\/648641349_1389066606595656_2315629017008612172_n-1-1024x683.jpg 1024w, https:\/\/labestiapolitica.com.mx\/wp-content\/uploads\/2026\/03\/648641349_1389066606595656_2315629017008612172_n-1-768x512.jpg 768w, https:\/\/labestiapolitica.com.mx\/wp-content\/uploads\/2026\/03\/648641349_1389066606595656_2315629017008612172_n-1-1536x1024.jpg 1536w\" sizes=\"auto, (max-width: 2048px) 100vw, 2048px\" \/> <img loading=\"lazy\" decoding=\"async\" class=\"alignnone size-full wp-image-66063\" src=\"https:\/\/labestiapolitica.com.mx\/wp-content\/uploads\/2026\/03\/648581695_1389066753262308_2625676591764378532_n.jpg\" alt=\"\" width=\"2048\" height=\"1365\" srcset=\"https:\/\/labestiapolitica.com.mx\/wp-content\/uploads\/2026\/03\/648581695_1389066753262308_2625676591764378532_n.jpg 2048w, https:\/\/labestiapolitica.com.mx\/wp-content\/uploads\/2026\/03\/648581695_1389066753262308_2625676591764378532_n-300x200.jpg 300w, https:\/\/labestiapolitica.com.mx\/wp-content\/uploads\/2026\/03\/648581695_1389066753262308_2625676591764378532_n-1024x683.jpg 1024w, https:\/\/labestiapolitica.com.mx\/wp-content\/uploads\/2026\/03\/648581695_1389066753262308_2625676591764378532_n-768x512.jpg 768w, https:\/\/labestiapolitica.com.mx\/wp-content\/uploads\/2026\/03\/648581695_1389066753262308_2625676591764378532_n-1536x1024.jpg 1536w\" sizes=\"auto, (max-width: 2048px) 100vw, 2048px\" \/> <img loading=\"lazy\" decoding=\"async\" class=\"alignnone size-full wp-image-66064\" src=\"https:\/\/labestiapolitica.com.mx\/wp-content\/uploads\/2026\/03\/648673853_1389066686595648_5813660576742909400_n-1.jpg\" alt=\"\" width=\"2048\" height=\"1365\" srcset=\"https:\/\/labestiapolitica.com.mx\/wp-content\/uploads\/2026\/03\/648673853_1389066686595648_5813660576742909400_n-1.jpg 2048w, https:\/\/labestiapolitica.com.mx\/wp-content\/uploads\/2026\/03\/648673853_1389066686595648_5813660576742909400_n-1-300x200.jpg 300w, https:\/\/labestiapolitica.com.mx\/wp-content\/uploads\/2026\/03\/648673853_1389066686595648_5813660576742909400_n-1-1024x683.jpg 1024w, https:\/\/labestiapolitica.com.mx\/wp-content\/uploads\/2026\/03\/648673853_1389066686595648_5813660576742909400_n-1-768x512.jpg 768w, https:\/\/labestiapolitica.com.mx\/wp-content\/uploads\/2026\/03\/648673853_1389066686595648_5813660576742909400_n-1-1536x1024.jpg 1536w\" sizes=\"auto, (max-width: 2048px) 100vw, 2048px\" \/><\/p>\n","protected":false},"excerpt":{"rendered":"<p>En un acto que reafirma el compromiso con la formaci\u00f3n de profesionales de excelencia, Karla Judith Ruiz Mu\u00f1oz recibi\u00f3 su t\u00edtulo como Licenciada en Gastronom\u00eda por la Universidad Metropolitana de Tlaxcala. Este logro representa la culminaci\u00f3n de su formaci\u00f3n acad\u00e9mica y refleja el esfuerzo, disciplina y conocimiento que desarroll\u00f3 a lo largo de sus estudios, [&hellip;]<\/p>\n","protected":false},"author":3,"featured_media":66061,"comment_status":"open","ping_status":"open","sticky":false,"template":"","format":"standard","meta":{"footnotes":""},"categories":[213,244],"tags":[],"class_list":["post-66055","post","type-post","status-publish","format-standard","has-post-thumbnail","hentry","category-educacion","category-umt"],"amp_enabled":true,"_links":{"self":[{"href":"https:\/\/labestiapolitica.com.mx\/index.php?rest_route=\/wp\/v2\/posts\/66055","targetHints":{"allow":["GET"]}}],"collection":[{"href":"https:\/\/labestiapolitica.com.mx\/index.php?rest_route=\/wp\/v2\/posts"}],"about":[{"href":"https:\/\/labestiapolitica.com.mx\/index.php?rest_route=\/wp\/v2\/types\/post"}],"author":[{"embeddable":true,"href":"https:\/\/labestiapolitica.com.mx\/index.php?rest_route=\/wp\/v2\/users\/3"}],"replies":[{"embeddable":true,"href":"https:\/\/labestiapolitica.com.mx\/index.php?rest_route=%2Fwp%2Fv2%2Fcomments&post=66055"}],"version-history":[{"count":1,"href":"https:\/\/labestiapolitica.com.mx\/index.php?rest_route=\/wp\/v2\/posts\/66055\/revisions"}],"predecessor-version":[{"id":66065,"href":"https:\/\/labestiapolitica.com.mx\/index.php?rest_route=\/wp\/v2\/posts\/66055\/revisions\/66065"}],"wp:featuredmedia":[{"embeddable":true,"href":"https:\/\/labestiapolitica.com.mx\/index.php?rest_route=\/wp\/v2\/media\/66061"}],"wp:attachment":[{"href":"https:\/\/labestiapolitica.com.mx\/index.php?rest_route=%2Fwp%2Fv2%2Fmedia&parent=66055"}],"wp:term":[{"taxonomy":"category","embeddable":true,"href":"https:\/\/labestiapolitica.com.mx\/index.php?rest_route=%2Fwp%2Fv2%2Fcategories&post=66055"},{"taxonomy":"post_tag","embeddable":true,"href":"https:\/\/labestiapolitica.com.mx\/index.php?rest_route=%2Fwp%2Fv2%2Ftags&post=66055"}],"curies":[{"name":"wp","href":"https:\/\/api.w.org\/{rel}","templated":true}]}}