{"id":66066,"date":"2026-03-10T13:51:41","date_gmt":"2026-03-10T19:51:41","guid":{"rendered":"https:\/\/labestiapolitica.com.mx\/?p=66066"},"modified":"2026-03-10T13:51:41","modified_gmt":"2026-03-10T19:51:41","slug":"%f0%9f%a7%a0%f0%9f%93%9c-claudia-montes-garcia-obtiene-su-titulo-como-licenciada-en-psicologia-clinica-en-la-umt","status":"publish","type":"post","link":"https:\/\/labestiapolitica.com.mx\/?p=66066","title":{"rendered":"\ud83e\udde0\ud83d\udcdc Claudia Montes Garc\u00eda obtiene su t\u00edtulo como Licenciada en Psicolog\u00eda Cl\u00ednica en la UMT"},"content":{"rendered":"<p style=\"text-align: justify;\" data-start=\"100\" data-end=\"331\">La <span class=\"hover:entity-accent entity-underline inline cursor-pointer align-baseline\"><span class=\"whitespace-normal\">Universidad Metropolitana de Tlaxcala<\/span><\/span> celebr\u00f3 un nuevo logro acad\u00e9mico con la titulaci\u00f3n de Claudia Montes Garc\u00eda como <strong data-start=\"222\" data-end=\"258\">Licenciada en Psicolog\u00eda Cl\u00ednica<\/strong>, marcando la culminaci\u00f3n de una etapa clave en su formaci\u00f3n profesional.<\/p>\n<p style=\"text-align: justify;\" data-start=\"333\" data-end=\"539\">Durante una ceremonia protocolaria, la rectora de la instituci\u00f3n, <span class=\"hover:entity-accent entity-underline inline cursor-pointer align-baseline\"><span class=\"whitespace-normal\">Marcelina Cruz Ordaz<\/span><\/span>, hizo entrega del documento oficial que acredita a\u00f1os de esfuerzo, disciplina y dedicaci\u00f3n al estudio.<\/p>\n<p style=\"text-align: justify;\" data-start=\"541\" data-end=\"741\">Cabe destacar que Claudia Montes Garc\u00eda obtuvo su <strong data-start=\"591\" data-end=\"618\">titulaci\u00f3n por promedio<\/strong>, reconocimiento que refleja su alto nivel acad\u00e9mico y el compromiso demostrado a lo largo de su trayectoria universitaria.<\/p>\n<p style=\"text-align: justify;\" data-start=\"743\" data-end=\"963\">La comunidad universitaria felicit\u00f3 a la nueva profesionista, confiando en que su preparaci\u00f3n, \u00e9tica y vocaci\u00f3n le permitir\u00e1n enfrentar con \u00e9xito los retos del \u00e1mbito profesional y contribuir al bienestar de la sociedad.<\/p>\n<p data-start=\"743\" data-end=\"963\"><img loading=\"lazy\" decoding=\"async\" class=\"alignnone size-full wp-image-66068\" src=\"https:\/\/labestiapolitica.com.mx\/wp-content\/uploads\/2026\/03\/648672472_1388177456684571_3243992435876367534_n-1.jpg\" alt=\"\" width=\"2048\" height=\"1365\" srcset=\"https:\/\/labestiapolitica.com.mx\/wp-content\/uploads\/2026\/03\/648672472_1388177456684571_3243992435876367534_n-1.jpg 2048w, https:\/\/labestiapolitica.com.mx\/wp-content\/uploads\/2026\/03\/648672472_1388177456684571_3243992435876367534_n-1-300x200.jpg 300w, https:\/\/labestiapolitica.com.mx\/wp-content\/uploads\/2026\/03\/648672472_1388177456684571_3243992435876367534_n-1-1024x683.jpg 1024w, https:\/\/labestiapolitica.com.mx\/wp-content\/uploads\/2026\/03\/648672472_1388177456684571_3243992435876367534_n-1-768x512.jpg 768w, https:\/\/labestiapolitica.com.mx\/wp-content\/uploads\/2026\/03\/648672472_1388177456684571_3243992435876367534_n-1-1536x1024.jpg 1536w\" sizes=\"auto, (max-width: 2048px) 100vw, 2048px\" \/> <img loading=\"lazy\" decoding=\"async\" class=\"alignnone size-full wp-image-66069\" src=\"https:\/\/labestiapolitica.com.mx\/wp-content\/uploads\/2026\/03\/647136409_1388177326684584_907760048576768032_n.jpg\" alt=\"\" width=\"2048\" height=\"1365\" srcset=\"https:\/\/labestiapolitica.com.mx\/wp-content\/uploads\/2026\/03\/647136409_1388177326684584_907760048576768032_n.jpg 2048w, https:\/\/labestiapolitica.com.mx\/wp-content\/uploads\/2026\/03\/647136409_1388177326684584_907760048576768032_n-300x200.jpg 300w, https:\/\/labestiapolitica.com.mx\/wp-content\/uploads\/2026\/03\/647136409_1388177326684584_907760048576768032_n-1024x683.jpg 1024w, https:\/\/labestiapolitica.com.mx\/wp-content\/uploads\/2026\/03\/647136409_1388177326684584_907760048576768032_n-768x512.jpg 768w, https:\/\/labestiapolitica.com.mx\/wp-content\/uploads\/2026\/03\/647136409_1388177326684584_907760048576768032_n-1536x1024.jpg 1536w\" sizes=\"auto, (max-width: 2048px) 100vw, 2048px\" \/> <img loading=\"lazy\" decoding=\"async\" class=\"alignnone size-full wp-image-66070\" src=\"https:\/\/labestiapolitica.com.mx\/wp-content\/uploads\/2026\/03\/648787551_1388177453351238_537165555466368922_n.jpg\" alt=\"\" width=\"2048\" height=\"1365\" srcset=\"https:\/\/labestiapolitica.com.mx\/wp-content\/uploads\/2026\/03\/648787551_1388177453351238_537165555466368922_n.jpg 2048w, https:\/\/labestiapolitica.com.mx\/wp-content\/uploads\/2026\/03\/648787551_1388177453351238_537165555466368922_n-300x200.jpg 300w, https:\/\/labestiapolitica.com.mx\/wp-content\/uploads\/2026\/03\/648787551_1388177453351238_537165555466368922_n-1024x683.jpg 1024w, https:\/\/labestiapolitica.com.mx\/wp-content\/uploads\/2026\/03\/648787551_1388177453351238_537165555466368922_n-768x512.jpg 768w, https:\/\/labestiapolitica.com.mx\/wp-content\/uploads\/2026\/03\/648787551_1388177453351238_537165555466368922_n-1536x1024.jpg 1536w\" sizes=\"auto, (max-width: 2048px) 100vw, 2048px\" \/><\/p>\n","protected":false},"excerpt":{"rendered":"<p>La Universidad Metropolitana de Tlaxcala celebr\u00f3 un nuevo logro acad\u00e9mico con la titulaci\u00f3n de Claudia Montes Garc\u00eda como Licenciada en Psicolog\u00eda Cl\u00ednica, marcando la culminaci\u00f3n de una etapa clave en su formaci\u00f3n profesional. Durante una ceremonia protocolaria, la rectora de la instituci\u00f3n, Marcelina Cruz Ordaz, hizo entrega del documento oficial que acredita a\u00f1os de esfuerzo, [&hellip;]<\/p>\n","protected":false},"author":3,"featured_media":66067,"comment_status":"open","ping_status":"open","sticky":false,"template":"","format":"standard","meta":{"footnotes":""},"categories":[213,244],"tags":[],"class_list":["post-66066","post","type-post","status-publish","format-standard","has-post-thumbnail","hentry","category-educacion","category-umt"],"amp_enabled":true,"_links":{"self":[{"href":"https:\/\/labestiapolitica.com.mx\/index.php?rest_route=\/wp\/v2\/posts\/66066","targetHints":{"allow":["GET"]}}],"collection":[{"href":"https:\/\/labestiapolitica.com.mx\/index.php?rest_route=\/wp\/v2\/posts"}],"about":[{"href":"https:\/\/labestiapolitica.com.mx\/index.php?rest_route=\/wp\/v2\/types\/post"}],"author":[{"embeddable":true,"href":"https:\/\/labestiapolitica.com.mx\/index.php?rest_route=\/wp\/v2\/users\/3"}],"replies":[{"embeddable":true,"href":"https:\/\/labestiapolitica.com.mx\/index.php?rest_route=%2Fwp%2Fv2%2Fcomments&post=66066"}],"version-history":[{"count":1,"href":"https:\/\/labestiapolitica.com.mx\/index.php?rest_route=\/wp\/v2\/posts\/66066\/revisions"}],"predecessor-version":[{"id":66071,"href":"https:\/\/labestiapolitica.com.mx\/index.php?rest_route=\/wp\/v2\/posts\/66066\/revisions\/66071"}],"wp:featuredmedia":[{"embeddable":true,"href":"https:\/\/labestiapolitica.com.mx\/index.php?rest_route=\/wp\/v2\/media\/66067"}],"wp:attachment":[{"href":"https:\/\/labestiapolitica.com.mx\/index.php?rest_route=%2Fwp%2Fv2%2Fmedia&parent=66066"}],"wp:term":[{"taxonomy":"category","embeddable":true,"href":"https:\/\/labestiapolitica.com.mx\/index.php?rest_route=%2Fwp%2Fv2%2Fcategories&post=66066"},{"taxonomy":"post_tag","embeddable":true,"href":"https:\/\/labestiapolitica.com.mx\/index.php?rest_route=%2Fwp%2Fv2%2Ftags&post=66066"}],"curies":[{"name":"wp","href":"https:\/\/api.w.org\/{rel}","templated":true}]}}