{"id":66103,"date":"2026-03-10T18:05:41","date_gmt":"2026-03-11T00:05:41","guid":{"rendered":"https:\/\/labestiapolitica.com.mx\/?p=66103"},"modified":"2026-03-10T18:05:41","modified_gmt":"2026-03-11T00:05:41","slug":"invita-ayuntamiento-de-tlaxcala-al-conversatorio-mujeres-que-emprenden-economias-que-crecen","status":"publish","type":"post","link":"https:\/\/labestiapolitica.com.mx\/?p=66103","title":{"rendered":"Invita Ayuntamiento de Tlaxcala al conversatorio \u00abMujeres que emprenden, econom\u00edas que crecen."},"content":{"rendered":"<p style=\"text-align: justify;\">Con el objetivo de visibilizar el impacto del emprendimiento femenino en el desarrollo econ\u00f3mico local, nacional e internacional, el Instituto Municipal de la Mujer (IMM), en colaboraci\u00f3n con la Secretar\u00eda de Econom\u00eda y la Facultad de Ciencias Econ\u00f3mico Administrativas de la Universidad Aut\u00f3noma de Tlaxcala (UATx), llevar\u00e1 a cabo el conversatorio \u201cMujeres que Emprenden, Econom\u00edas que Crecen\u201d.<\/p>\n<p style=\"text-align: justify;\">Dicho conversatorio se llevar\u00e1 a cabo este 12 de marzo de manera presencial en el auditorio de la Facultad de Ciencias Econ\u00f3mico Administrativas de la UATx, a partir de las 10:00 horas.<\/p>\n<p style=\"text-align: justify;\">Durante el conversatorio se abordar\u00e1n temas relacionados con el emprendimiento femenino, el desarrollo econ\u00f3mico, las pol\u00edticas p\u00fablicas y la vinculaci\u00f3n con mercados globales, con el prop\u00f3sito de fortalecer las capacidades de las emprendedoras tlaxcaltecas.<\/p>\n<p style=\"text-align: justify;\">Cabe se\u00f1alar que el acceso al evento es limitado, por lo que las personas interesadas deben comunicarse al tel\u00e9fono 246 466 6456 en un horario de lunes a viernes, de 8:00 a 17:00 horas. Tambi\u00e9n pueden solicitar informes v\u00eda WhatsApp al 246 335 6508, en el mismo horario.<\/p>\n<p style=\"text-align: justify;\">Con este tipo de iniciativas, el gobierno municipal, que encabeza Alfonso S\u00e1nchez Garc\u00eda, en coordinaci\u00f3n con las instituciones participantes, reafirman su compromiso de impulsar el liderazgo y la participaci\u00f3n de las mujeres en el \u00e1mbito econ\u00f3mico.<\/p>\n","protected":false},"excerpt":{"rendered":"<p>Con el objetivo de visibilizar el impacto del emprendimiento femenino en el desarrollo econ\u00f3mico local, nacional e internacional, el Instituto Municipal de la Mujer (IMM), en colaboraci\u00f3n con la Secretar\u00eda de Econom\u00eda y la Facultad de Ciencias Econ\u00f3mico Administrativas de la Universidad Aut\u00f3noma de Tlaxcala (UATx), llevar\u00e1 a cabo el conversatorio \u201cMujeres que Emprenden, Econom\u00edas [&hellip;]<\/p>\n","protected":false},"author":5,"featured_media":66104,"comment_status":"open","ping_status":"open","sticky":false,"template":"","format":"standard","meta":{"footnotes":""},"categories":[216,214],"tags":[],"class_list":["post-66103","post","type-post","status-publish","format-standard","has-post-thumbnail","hentry","category-municipios","category-tlaxcala-capital"],"amp_enabled":true,"_links":{"self":[{"href":"https:\/\/labestiapolitica.com.mx\/index.php?rest_route=\/wp\/v2\/posts\/66103","targetHints":{"allow":["GET"]}}],"collection":[{"href":"https:\/\/labestiapolitica.com.mx\/index.php?rest_route=\/wp\/v2\/posts"}],"about":[{"href":"https:\/\/labestiapolitica.com.mx\/index.php?rest_route=\/wp\/v2\/types\/post"}],"author":[{"embeddable":true,"href":"https:\/\/labestiapolitica.com.mx\/index.php?rest_route=\/wp\/v2\/users\/5"}],"replies":[{"embeddable":true,"href":"https:\/\/labestiapolitica.com.mx\/index.php?rest_route=%2Fwp%2Fv2%2Fcomments&post=66103"}],"version-history":[{"count":1,"href":"https:\/\/labestiapolitica.com.mx\/index.php?rest_route=\/wp\/v2\/posts\/66103\/revisions"}],"predecessor-version":[{"id":66105,"href":"https:\/\/labestiapolitica.com.mx\/index.php?rest_route=\/wp\/v2\/posts\/66103\/revisions\/66105"}],"wp:featuredmedia":[{"embeddable":true,"href":"https:\/\/labestiapolitica.com.mx\/index.php?rest_route=\/wp\/v2\/media\/66104"}],"wp:attachment":[{"href":"https:\/\/labestiapolitica.com.mx\/index.php?rest_route=%2Fwp%2Fv2%2Fmedia&parent=66103"}],"wp:term":[{"taxonomy":"category","embeddable":true,"href":"https:\/\/labestiapolitica.com.mx\/index.php?rest_route=%2Fwp%2Fv2%2Fcategories&post=66103"},{"taxonomy":"post_tag","embeddable":true,"href":"https:\/\/labestiapolitica.com.mx\/index.php?rest_route=%2Fwp%2Fv2%2Ftags&post=66103"}],"curies":[{"name":"wp","href":"https:\/\/api.w.org\/{rel}","templated":true}]}}