{"id":66112,"date":"2026-03-10T19:18:13","date_gmt":"2026-03-11T01:18:13","guid":{"rendered":"https:\/\/labestiapolitica.com.mx\/?p=66112"},"modified":"2026-03-10T19:18:13","modified_gmt":"2026-03-11T01:18:13","slug":"los-derechos-humanos-la-justicia-y-las-acciones-son-temas-sobresalientes-en-la-uatx-rector","status":"publish","type":"post","link":"https:\/\/labestiapolitica.com.mx\/?p=66112","title":{"rendered":"Los derechos humanos, la justicia y las acciones, son temas sobresalientes en la UATx: Rector."},"content":{"rendered":"<ul>\n<li style=\"font-weight: 400; text-align: justify;\">La Doctora Marcela Lagarde, especialista en feminismo latinoamericano, dict\u00f3 la conferencia magistral \u201cTrayectoria de una agenda para la vida y la libertad en las mujeres\u201d<\/li>\n<\/ul>\n<p style=\"font-weight: 400; text-align: justify;\">La conmemoraci\u00f3n del D\u00eda Internacional de la Mujer en 2026 ubica como temas sobresalientes los derechos, la justicia y las acciones, consider\u00f3 el Doctor Seraf\u00edn Ortiz Ortiz, Rector de la Universidad Aut\u00f3noma de Tlaxcala (UATx), al dar la bienvenida a la Doctora Marcela Lagarde y de los R\u00edos, acad\u00e9mica e investigadora mexicana y destacada especialista en feminismo latinoamericano, quien dict\u00f3 la conferencia magistral \u201cTrayectoria de una agenda para la vida y la libertad en las mujeres\u201d, en el Teatro Universitario.<\/p>\n<p style=\"font-weight: 400; text-align: justify;\">En su mensaje, el Doctor Ortiz reconoci\u00f3 que gracias a la suma de voluntades del Congreso del Estado de Tlaxcala, la Fiscal\u00eda General de Justicia, la Secretar\u00eda de las Mujeres, el Tribunal Superior de Justicia y la Comisi\u00f3n de Derechos Humanos, se logr\u00f3 realizar este evento. Agreg\u00f3 que lo importante al hablar de derecho no es tanto modificar las leyes, sino reformar las instituciones para que realmente se desplieguen acciones y no solo enunciaciones normativas.<\/p>\n<p style=\"font-weight: 400; text-align: justify;\">Subray\u00f3 que la verdadera igualdad es sustantiva, la de todos los d\u00edas, en virtud que a las sociedades democr\u00e1ticas lo que m\u00e1s les interesa es que haya justicia social, lo que implica la distribuci\u00f3n de derechos y deberes en una estructura social por igual, as\u00ed como la igualdad de oportunidades de todos al acceso de los beneficios de una sociedad.<\/p>\n<p style=\"font-weight: 400; text-align: justify;\">En otro momento, asever\u00f3 que en las democracias maduras el punto de llegada es la igualdad de hombres y mujeres, hecho que se ha construido con el talento, esfuerzo y empoderamiento de las mujeres, lo cual celebra porque en este mundo de iguales ambos tienen que construir juntos.<\/p>\n<p style=\"font-weight: 400; text-align: justify;\">Al momento de dictar la conferencia magistral \u201cTrayectoria de una agenda para la vida y la libertad en las mujeres\u201d, la Doctora Lagarde y de los R\u00edos recalc\u00f3 que es necesario trabajar en la elaboraci\u00f3n de un inventario de casos emblem\u00e1ticos de feminicidios en M\u00e9xico que permita conocer la trayectoria de c\u00f3mo se ha logrado en algunos lugares llevar una visi\u00f3n pol\u00edtica enriquecedora y no belicista.<\/p>\n<p style=\"font-weight: 400; text-align: justify;\">La tambi\u00e9n Doctora\u00a0<em>Honoris Causa<\/em>\u00a0por la UATx en 2023, sostuvo que el feminicidio se ha convertido en un indicador de g\u00e9nero del desarrollo humano, contribuyendo para dar un trazo firme a la pol\u00edtica de estado y lograr la aprobaci\u00f3n de la\u00a0\u00a0<em>Ley General de Acceso a las Mujeres a una Vida Libre de Violencia<\/em>, que buscaba reivindicar el derecho a una vida en paz,\u00a0 sin violencia.<\/p>\n<p style=\"font-weight: 400; text-align: justify;\">Se cont\u00f3 con la presencia de Licenciada Nydia Cano Rodr\u00edguez, Titular de la Secretar\u00eda de las Mujeres del Estado de Tlaxcala; Magistrada Fanny Margarita Amador Montes, Presidenta del Tribunal Superior de Justicia del Estado de Tlaxcala; Diputada Lorena Ru\u00edz Garc\u00eda, Presidenta de la Comisi\u00f3n de Igualdad de G\u00e9nero y Contra la Trata de Personas del Congreso del Estado; Doctora \u00a0Jakqueline Ordo\u00f1ez Brasdefer, Presidenta de la Comisi\u00f3n Estatal de Derechos Humanos; y Maestra Alma Carina Cuevas Fern\u00e1ndez, en representaci\u00f3n de la Maestra Ernestina Carro Rold\u00e1n, Fiscal General de Justicia del Estado de Tlaxcala. Adem\u00e1s de la comunidad estudiantil y docente de la UATx.<\/p>\n","protected":false},"excerpt":{"rendered":"<p>La Doctora Marcela Lagarde, especialista en feminismo latinoamericano, dict\u00f3 la conferencia magistral \u201cTrayectoria de una agenda para la vida y la libertad en las mujeres\u201d La conmemoraci\u00f3n del D\u00eda Internacional de la Mujer en 2026 ubica como temas sobresalientes los derechos, la justicia y las acciones, consider\u00f3 el Doctor Seraf\u00edn Ortiz Ortiz, Rector de la [&hellip;]<\/p>\n","protected":false},"author":5,"featured_media":66113,"comment_status":"open","ping_status":"open","sticky":false,"template":"","format":"standard","meta":{"footnotes":""},"categories":[213,241],"tags":[],"class_list":["post-66112","post","type-post","status-publish","format-standard","has-post-thumbnail","hentry","category-educacion","category-uatx"],"amp_enabled":true,"_links":{"self":[{"href":"https:\/\/labestiapolitica.com.mx\/index.php?rest_route=\/wp\/v2\/posts\/66112","targetHints":{"allow":["GET"]}}],"collection":[{"href":"https:\/\/labestiapolitica.com.mx\/index.php?rest_route=\/wp\/v2\/posts"}],"about":[{"href":"https:\/\/labestiapolitica.com.mx\/index.php?rest_route=\/wp\/v2\/types\/post"}],"author":[{"embeddable":true,"href":"https:\/\/labestiapolitica.com.mx\/index.php?rest_route=\/wp\/v2\/users\/5"}],"replies":[{"embeddable":true,"href":"https:\/\/labestiapolitica.com.mx\/index.php?rest_route=%2Fwp%2Fv2%2Fcomments&post=66112"}],"version-history":[{"count":1,"href":"https:\/\/labestiapolitica.com.mx\/index.php?rest_route=\/wp\/v2\/posts\/66112\/revisions"}],"predecessor-version":[{"id":66114,"href":"https:\/\/labestiapolitica.com.mx\/index.php?rest_route=\/wp\/v2\/posts\/66112\/revisions\/66114"}],"wp:featuredmedia":[{"embeddable":true,"href":"https:\/\/labestiapolitica.com.mx\/index.php?rest_route=\/wp\/v2\/media\/66113"}],"wp:attachment":[{"href":"https:\/\/labestiapolitica.com.mx\/index.php?rest_route=%2Fwp%2Fv2%2Fmedia&parent=66112"}],"wp:term":[{"taxonomy":"category","embeddable":true,"href":"https:\/\/labestiapolitica.com.mx\/index.php?rest_route=%2Fwp%2Fv2%2Fcategories&post=66112"},{"taxonomy":"post_tag","embeddable":true,"href":"https:\/\/labestiapolitica.com.mx\/index.php?rest_route=%2Fwp%2Fv2%2Ftags&post=66112"}],"curies":[{"name":"wp","href":"https:\/\/api.w.org\/{rel}","templated":true}]}}