{"id":66121,"date":"2026-03-10T19:32:22","date_gmt":"2026-03-11T01:32:22","guid":{"rendered":"https:\/\/labestiapolitica.com.mx\/?p=66121"},"modified":"2026-03-10T19:32:22","modified_gmt":"2026-03-11T01:32:22","slug":"lorena-cuellar-entre-las-100-mujeres-lideres-de-mexico-en-2026","status":"publish","type":"post","link":"https:\/\/labestiapolitica.com.mx\/?p=66121","title":{"rendered":"Lorena Cu\u00e9llar, entre las 100 mujeres l\u00edderes de M\u00e9xico en 2026."},"content":{"rendered":"<ul>\n<li>La gobernadora de Tlaxcala form\u00f3 parte del foro que reuni\u00f3 a destacadas mujeres de la pol\u00edtica, la empresa, los medios y la sociedad civil para reflexionar sobre el liderazgo femenino y su impacto en la transformaci\u00f3n del pa\u00eds_<\/li>\n<\/ul>\n<p style=\"text-align: justify;\">La gobernadora de Tlaxcala, Lorena Cu\u00e9llar Cisneros, particip\u00f3 en el encuentro \u201c100 Mujeres L\u00edderes 2026\u201d, impulsado por la Universidad Panamericana campus Ciudad de M\u00e9xico y el diario El Universal, un espacio de di\u00e1logo que reuni\u00f3 a mujeres influyentes de distintos \u00e1mbitos de la vida p\u00fablica del pa\u00eds para reflexionar sobre el liderazgo femenino y su papel en la transformaci\u00f3n de M\u00e9xico.<\/p>\n<p style=\"text-align: justify;\">Durante el encuentro, la mandataria tlaxcalteca coincidi\u00f3 con diversas lideresas del \u00e1mbito nacional que hoy ocupan espacios estrat\u00e9gicos de decisi\u00f3n y que, desde sus respectivas trincheras, contribuyen a ampliar la participaci\u00f3n de las mujeres en la vida p\u00fablica del pa\u00eds.<\/p>\n<p style=\"text-align: justify;\">El foro se realiz\u00f3 con el objetivo de reconocer y visibilizar la trayectoria de mujeres que inciden en la pol\u00edtica, las empresas, la academia, los medios de comunicaci\u00f3n y la sociedad civil. Cont\u00f3 con la presencia de Juan Francisco Ealy Ortiz, presidente ejecutivo y del Consejo de Administraci\u00f3n de El Universal, as\u00ed como de Perla D\u00edaz de Ealy, quien destac\u00f3 la importancia de seguir impulsando el empoderamiento femenino y de cerrar las brechas de oportunidad entre hombres y mujeres en los distintos \u00e1mbitos profesionales.<\/p>\n<p style=\"text-align: justify;\">La rectora general del Sistema UP-IPADE, Fernanda Llergo Bay, subray\u00f3 que abrir espacios de di\u00e1logo desde la Universidad permite fortalecer la reflexi\u00f3n p\u00fablica sobre la participaci\u00f3n de las mujeres en los procesos de toma de decisiones. \u201cSer sede de 100 Mujeres L\u00edderes es afirmar que el liderazgo femenino no es una tendencia pasajera, sino una dimensi\u00f3n decisiva del presente y del futuro de M\u00e9xico\u201d, expres\u00f3.<\/p>\n<p style=\"text-align: justify;\">El encuentro convoc\u00f3 a diversas figuras del \u00e1mbito pol\u00edtico, cultural y medi\u00e1tico, entre ellas senadoras, diputadas federales, presidentas municipales, as\u00ed como a las periodistas Paola Rojas, Azucena Uresti y Ana Paula Ordorica.<\/p>\n<p style=\"text-align: justify;\">Como parte del evento se realiz\u00f3 la mesa de di\u00e1logo \u201cLiderazgo femenino que transforma\u201d, moderada por la periodista Maite Azuela, en la que diversas participantes reflexionaron sobre los retos que enfrentan las mujeres en los espacios de decisi\u00f3n y la importancia de construir organizaciones y sociedades m\u00e1s sostenibles.<\/p>\n<p style=\"text-align: justify;\">El encuentro \u201c100 Mujeres L\u00edderes 2026\u201d reafirm\u00f3 la importancia de generar espacios de reconocimiento y di\u00e1logo que permitan compartir experiencias, impulsar redes de colaboraci\u00f3n y fortalecer la presencia de las mujeres en los espacios donde se toman decisiones que impactan el futuro del pa\u00eds.<\/p>\n","protected":false},"excerpt":{"rendered":"<p>La gobernadora de Tlaxcala form\u00f3 parte del foro que reuni\u00f3 a destacadas mujeres de la pol\u00edtica, la empresa, los medios y la sociedad civil para reflexionar sobre el liderazgo femenino y su impacto en la transformaci\u00f3n del pa\u00eds_ La gobernadora de Tlaxcala, Lorena Cu\u00e9llar Cisneros, particip\u00f3 en el encuentro \u201c100 Mujeres L\u00edderes 2026\u201d, impulsado por [&hellip;]<\/p>\n","protected":false},"author":5,"featured_media":66122,"comment_status":"open","ping_status":"open","sticky":false,"template":"","format":"standard","meta":{"footnotes":""},"categories":[236],"tags":[],"class_list":["post-66121","post","type-post","status-publish","format-standard","has-post-thumbnail","hentry","category-gobierno-de-tlaxcala"],"amp_enabled":true,"_links":{"self":[{"href":"https:\/\/labestiapolitica.com.mx\/index.php?rest_route=\/wp\/v2\/posts\/66121","targetHints":{"allow":["GET"]}}],"collection":[{"href":"https:\/\/labestiapolitica.com.mx\/index.php?rest_route=\/wp\/v2\/posts"}],"about":[{"href":"https:\/\/labestiapolitica.com.mx\/index.php?rest_route=\/wp\/v2\/types\/post"}],"author":[{"embeddable":true,"href":"https:\/\/labestiapolitica.com.mx\/index.php?rest_route=\/wp\/v2\/users\/5"}],"replies":[{"embeddable":true,"href":"https:\/\/labestiapolitica.com.mx\/index.php?rest_route=%2Fwp%2Fv2%2Fcomments&post=66121"}],"version-history":[{"count":1,"href":"https:\/\/labestiapolitica.com.mx\/index.php?rest_route=\/wp\/v2\/posts\/66121\/revisions"}],"predecessor-version":[{"id":66123,"href":"https:\/\/labestiapolitica.com.mx\/index.php?rest_route=\/wp\/v2\/posts\/66121\/revisions\/66123"}],"wp:featuredmedia":[{"embeddable":true,"href":"https:\/\/labestiapolitica.com.mx\/index.php?rest_route=\/wp\/v2\/media\/66122"}],"wp:attachment":[{"href":"https:\/\/labestiapolitica.com.mx\/index.php?rest_route=%2Fwp%2Fv2%2Fmedia&parent=66121"}],"wp:term":[{"taxonomy":"category","embeddable":true,"href":"https:\/\/labestiapolitica.com.mx\/index.php?rest_route=%2Fwp%2Fv2%2Fcategories&post=66121"},{"taxonomy":"post_tag","embeddable":true,"href":"https:\/\/labestiapolitica.com.mx\/index.php?rest_route=%2Fwp%2Fv2%2Ftags&post=66121"}],"curies":[{"name":"wp","href":"https:\/\/api.w.org\/{rel}","templated":true}]}}