{"id":66124,"date":"2026-03-10T19:34:11","date_gmt":"2026-03-11T01:34:11","guid":{"rendered":"https:\/\/labestiapolitica.com.mx\/?p=66124"},"modified":"2026-03-10T19:34:11","modified_gmt":"2026-03-11T01:34:11","slug":"ixtenco-participa-en-campana-de-prevencion-en-el-marco-del-dia-mundial-de-la-obesidad","status":"publish","type":"post","link":"https:\/\/labestiapolitica.com.mx\/?p=66124","title":{"rendered":"Ixtenco participa en campa\u00f1a de prevenci\u00f3n en el marco del D\u00eda Mundial de la Obesidad."},"content":{"rendered":"<p style=\"text-align: justify;\">El Gobierno Municipal de Ixtenco participa durante el mes de marzo en la campa\u00f1a de prevenci\u00f3n en el marco del D\u00eda Mundial de la Obesidad, con el objetivo de promover entre la poblaci\u00f3n h\u00e1bitos de vida saludables que contribuyan al cuidado de la salud.<\/p>\n<p style=\"text-align: justify;\">Estas acciones se realizan en coordinaci\u00f3n con las autoridades del sector salud, impulsando la difusi\u00f3n de informaci\u00f3n sobre alimentaci\u00f3n saludable, actividad f\u00edsica y autocuidado entre la poblaci\u00f3n.<\/p>\n<p style=\"text-align: justify;\">La presidenta municipal Aline Lazo Caballero destac\u00f3 la importancia de sumar esfuerzos para fortalecer la cultura de la prevenci\u00f3n y fomentar estilos de vida que favorezcan el bienestar de las familias del municipio.<\/p>\n<p style=\"text-align: justify;\">En estas actividades tambi\u00e9n participa el regidor de Salud, Javier Sol\u00eds Ventura, quien ha dado seguimiento a las acciones de promoci\u00f3n de la salud que se estar\u00e1n desarrollando durante este mes.<\/p>\n<p style=\"text-align: justify;\">Con estas acciones, el Gobierno Municipal de Ixtenco refrenda su compromiso de continuar trabajando de manera coordinada para impulsar estrategias de prevenci\u00f3n que contribuyan a mejorar la calidad de vida de la poblaci\u00f3n.<\/p>\n","protected":false},"excerpt":{"rendered":"<p>El Gobierno Municipal de Ixtenco participa durante el mes de marzo en la campa\u00f1a de prevenci\u00f3n en el marco del D\u00eda Mundial de la Obesidad, con el objetivo de promover entre la poblaci\u00f3n h\u00e1bitos de vida saludables que contribuyan al cuidado de la salud. Estas acciones se realizan en coordinaci\u00f3n con las autoridades del sector [&hellip;]<\/p>\n","protected":false},"author":5,"featured_media":66125,"comment_status":"open","ping_status":"open","sticky":false,"template":"","format":"standard","meta":{"footnotes":""},"categories":[257,216],"tags":[],"class_list":["post-66124","post","type-post","status-publish","format-standard","has-post-thumbnail","hentry","category-ixtenco","category-municipios"],"amp_enabled":true,"_links":{"self":[{"href":"https:\/\/labestiapolitica.com.mx\/index.php?rest_route=\/wp\/v2\/posts\/66124","targetHints":{"allow":["GET"]}}],"collection":[{"href":"https:\/\/labestiapolitica.com.mx\/index.php?rest_route=\/wp\/v2\/posts"}],"about":[{"href":"https:\/\/labestiapolitica.com.mx\/index.php?rest_route=\/wp\/v2\/types\/post"}],"author":[{"embeddable":true,"href":"https:\/\/labestiapolitica.com.mx\/index.php?rest_route=\/wp\/v2\/users\/5"}],"replies":[{"embeddable":true,"href":"https:\/\/labestiapolitica.com.mx\/index.php?rest_route=%2Fwp%2Fv2%2Fcomments&post=66124"}],"version-history":[{"count":1,"href":"https:\/\/labestiapolitica.com.mx\/index.php?rest_route=\/wp\/v2\/posts\/66124\/revisions"}],"predecessor-version":[{"id":66126,"href":"https:\/\/labestiapolitica.com.mx\/index.php?rest_route=\/wp\/v2\/posts\/66124\/revisions\/66126"}],"wp:featuredmedia":[{"embeddable":true,"href":"https:\/\/labestiapolitica.com.mx\/index.php?rest_route=\/wp\/v2\/media\/66125"}],"wp:attachment":[{"href":"https:\/\/labestiapolitica.com.mx\/index.php?rest_route=%2Fwp%2Fv2%2Fmedia&parent=66124"}],"wp:term":[{"taxonomy":"category","embeddable":true,"href":"https:\/\/labestiapolitica.com.mx\/index.php?rest_route=%2Fwp%2Fv2%2Fcategories&post=66124"},{"taxonomy":"post_tag","embeddable":true,"href":"https:\/\/labestiapolitica.com.mx\/index.php?rest_route=%2Fwp%2Fv2%2Ftags&post=66124"}],"curies":[{"name":"wp","href":"https:\/\/api.w.org\/{rel}","templated":true}]}}