{"id":66127,"date":"2026-03-10T19:36:36","date_gmt":"2026-03-11T01:36:36","guid":{"rendered":"https:\/\/labestiapolitica.com.mx\/?p=66127"},"modified":"2026-03-10T19:36:36","modified_gmt":"2026-03-11T01:36:36","slug":"semana-laboral-de-40-horas-mejorara-seguridad-y-bienestar-de-trabajadores","status":"publish","type":"post","link":"https:\/\/labestiapolitica.com.mx\/?p=66127","title":{"rendered":"Semana laboral de 40 horas mejorar\u00e1, seguridad y bienestar de trabajadores."},"content":{"rendered":"<ul>\n<li style=\"text-align: justify;\">Tras la aprobaci\u00f3n y constitucionalidad de la reforma impulsada por el gobierno de Claudia Sheinbaum, comenzar\u00e1 este a\u00f1o el per\u00edodo de adaptaci\u00f3n para las unidades econ\u00f3micas, explic\u00f3 la Secretar\u00eda de Trabajo y Competitividad al participar en los Di\u00e1logos Circulares<\/li>\n<\/ul>\n<p style=\"text-align: justify;\">Con la implementaci\u00f3n de la semana laboral de 40 horas se busca mejorar la salud y la seguridad en el trabajo, inhibiendo la fatiga y los accidentes laborales, adem\u00e1s de propiciar un equilibrio entre la vida personal, familiar y laboral de las y de los trabajadores, al brindar un mayor tiempo de descanso a la base trabajadora, explic\u00f3 el titular de la Secretar\u00eda de Trabajo y Competitividad (STyC), No\u00e9 Altamirano Islas.<\/p>\n<p style=\"text-align: justify;\">Inform\u00f3 que la reforma constitucional que reduce la jornada de trabajo a 40 horas semanales fue aprobada por las c\u00e1maras de Senadores y Diputados, y al menos 24 congresos locales -entre ellos el de Tlaxcala-, cumpli\u00e9ndose el requisito para su constitucionalidad, por lo que este a\u00f1o comenzar\u00e1 el per\u00edodo de adaptaci\u00f3n para las unidades econ\u00f3micas.<\/p>\n<p style=\"text-align: justify;\">Durante su participaci\u00f3n en los Di\u00e1logos Circulares realizados en la Coordinaci\u00f3n de Comunicaci\u00f3n, indic\u00f3 que, mediante este compromiso de la presidenta Claudia Sheinbaum Pardo, se cumple la normatividad de la Organizaci\u00f3n Internacional del Trabajo (OIT), que en el Convenio 47 de 1935 sobre las 40 horas de trabajo, y la Recomendaci\u00f3n 116 de 1962 sobre la reducci\u00f3n de la duraci\u00f3n del trabajo, ya preve\u00eda la regulaci\u00f3n del tiempo de trabajo como pilar fundamental del derecho laboral.<\/p>\n<p style=\"text-align: justify;\">Adem\u00e1s, se\u00f1al\u00f3 que M\u00e9xico se pone a la altura de pa\u00edses miembros de la Organizaci\u00f3n para la Cooperaci\u00f3n y el Desarrollo Econ\u00f3micos (OCDE) que, durante el siglo XX, implementaron semanas de 40 horas, como Francia, Australia, Luxemburgo, Espa\u00f1a y Portugal, incluso Corea del Sur, que las incorpor\u00f3 en 2004.<\/p>\n<p style=\"text-align: justify;\">Respecto a los d\u00edas de descanso, el funcionario refiri\u00f3 que, en el \u00e1mbito internacional, hay pa\u00edses que han reducido su jornada laboral y mantienen un d\u00eda de descanso obligatorio por cada seis d\u00edas de trabajo, como Canad\u00e1, Rep\u00fablica Checa o B\u00e9lgica. En el caso de Am\u00e9rica Latina, mencion\u00f3 el caso de Brasil, Chile y Colombia, donde hay un d\u00eda de descanso por una jornada semanal de trabajo de 44 horas, aunque en estos dos \u00faltimos casos, anot\u00f3, ya se encuentran en un proceso de reducci\u00f3n gradual de la semana laboral.<\/p>\n<p style=\"text-align: justify;\">Al respecto, Altamirano Islas asever\u00f3 que, en M\u00e9xico, para el logro de consensos en torno a esta reforma, se efectu\u00f3 un di\u00e1logo social con representantes de los sectores empresarial, sindical, acad\u00e9mico, gubernamental y la sociedad civil, mediante 40 mesas de trabajo y la participaci\u00f3n de m\u00e1s de dos mil personas, de acuerdo con datos de la Secretar\u00eda de Trabajo y Previsi\u00f3n Social (STyPS) del gobierno federal.<\/p>\n<p style=\"text-align: justify;\">Y sobre los beneficios a la base trabajadora, observ\u00f3 que, con base en datos de la Encuesta Nacional de Ocupaci\u00f3n y Empleo (ENOE), \u201cya hay una poblaci\u00f3n trabajadora del 36.1% a nivel nacional que trabaja hasta 40 horas\u201d, por lo que su impacto se ver\u00e1 en el bloque de 63.9% de trabajadoras y trabajadores que a\u00fan trabajan m\u00e1s de 40 horas.<\/p>\n<p style=\"text-align: justify;\">El secretario de Trabajo y Competitividad destac\u00f3 como puntos relevantes de la reforma \u201cque se establece que la jornada de trabajo sea de 40 horas a nivel constitucional para garantizar este derecho a las y a los trabajadores, que no solamente quede en la ley secundaria\u201d, y que, en ning\u00fan caso, la reducci\u00f3n de la jornada laboral implicar\u00e1 la disminuci\u00f3n de sueldo, salario, ingreso o prestaciones laborales de las y de los trabajadores.<\/p>\n<p style=\"text-align: justify;\">Asimismo, que la reducci\u00f3n de la jornada laboral se efectuar\u00e1 de manera gradual dos horas por a\u00f1o hasta concretar las 40 horas en 2030; que por cada seis d\u00edas de trabajo las personas trabajadoras deber\u00e1n disfrutar de un d\u00eda de descanso con goce de salario \u00edntegro, y que, por primera vez, se proh\u00edben horas extra para menores de edad.<\/p>\n<p style=\"text-align: justify;\">\u201cEn la Constituci\u00f3n se determina una reducci\u00f3n de 2 horas anuales de la jornada laboral. Es decir, en 2026 entra en vigor y es un periodo de transici\u00f3n de adecuaciones de las leyes secundarias, de los lineamientos y algunas normativas, precisamente, para que, en el 2027, de 48 horas sean 46 horas; en el 2028, 44 horas; en el 2029, 42 horas; y, en el 2030, una jornada laboral de 40 horas\u201d, precis\u00f3 ante medios de comunicaci\u00f3n en el Auditorio \u201cTrinidad S\u00e1nchez Santos\u201d.<\/p>\n<p style=\"text-align: justify;\">Con relaci\u00f3n a la jornada ordinaria diaria de trabajo, No\u00e9 Altamirano coment\u00f3 que se mantiene en 8 horas, por lo que \u201csi trabajas 8 horas al d\u00eda deber\u00e1s tener dos d\u00edas de descanso\u201d. \u201cObviamente, puede haber una reducci\u00f3n de los horarios, y lo que establece la ley es que al menos por 6 d\u00edas de trabajo haya uno de descanso\u201d, subray\u00f3, tras resaltar que, de esta manera, se hace efectivo un mayor tiempo de descanso, se asegura un adecuado reparto del tiempo del trabajo, y se garantizan jornadas de trabajo dignas.<\/p>\n<p style=\"text-align: justify;\">Igualmente, anot\u00f3 que se establecen jornadas extraordinarias de 12 horas para trabajar de manera voluntaria, con un tope m\u00e1ximo de 4 horas triples, lo que anteriormente no exist\u00eda; y que, \u201cen el nuevo esquema, las horas extra se contabilizan a partir de la hora 41, no de la 49, lo que implica un aumento en el ingreso\u201d de quien las cubra.<\/p>\n<p style=\"text-align: justify;\">El titular de la STyC insisti\u00f3 en que la reforma impulsada por el gobierno de la presidenta Claudia Sheinbaum garantiza los derechos laborales en M\u00e9xico, al mantener tambi\u00e9n la prima dominical, la regulaci\u00f3n sobre el tiempo de comida, y el mismo pago cuando se trabaja en d\u00eda festivo, y anticip\u00f3 que, entre los nuevos lineamientos, se prev\u00e9 el registro electr\u00f3nico, con la finalidad de vigilar el cumplimiento de la nueva jornada laboral en los centros de trabajo.<\/p>\n<p style=\"text-align: justify;\">En este sentido, observ\u00f3 que ello implicar\u00e1 el fortalecimiento de la Inspecci\u00f3n Federal \u201cal adicionar como obligaci\u00f3n de las personas empleadoras el registro electr\u00f3nico de la jornada laboral\u201d, por lo que corresponder\u00e1 a la STPS emitir las disposiciones que regular\u00e1n este registro.<\/p>\n<p style=\"text-align: justify;\">Agreg\u00f3 que, \u201ccomo autoridad laboral local, vamos a tener esta facultad\u201d en el marco de las inspecciones que, en materia laboral, se ejecutan para determinar las condiciones generales de trabajo en las unidades econ\u00f3micas.<\/p>\n","protected":false},"excerpt":{"rendered":"<p>Tras la aprobaci\u00f3n y constitucionalidad de la reforma impulsada por el gobierno de Claudia Sheinbaum, comenzar\u00e1 este a\u00f1o el per\u00edodo de adaptaci\u00f3n para las unidades econ\u00f3micas, explic\u00f3 la Secretar\u00eda de Trabajo y Competitividad al participar en los Di\u00e1logos Circulares Con la implementaci\u00f3n de la semana laboral de 40 horas se busca mejorar la salud y [&hellip;]<\/p>\n","protected":false},"author":5,"featured_media":66128,"comment_status":"open","ping_status":"open","sticky":false,"template":"","format":"standard","meta":{"footnotes":""},"categories":[236],"tags":[],"class_list":["post-66127","post","type-post","status-publish","format-standard","has-post-thumbnail","hentry","category-gobierno-de-tlaxcala"],"amp_enabled":true,"_links":{"self":[{"href":"https:\/\/labestiapolitica.com.mx\/index.php?rest_route=\/wp\/v2\/posts\/66127","targetHints":{"allow":["GET"]}}],"collection":[{"href":"https:\/\/labestiapolitica.com.mx\/index.php?rest_route=\/wp\/v2\/posts"}],"about":[{"href":"https:\/\/labestiapolitica.com.mx\/index.php?rest_route=\/wp\/v2\/types\/post"}],"author":[{"embeddable":true,"href":"https:\/\/labestiapolitica.com.mx\/index.php?rest_route=\/wp\/v2\/users\/5"}],"replies":[{"embeddable":true,"href":"https:\/\/labestiapolitica.com.mx\/index.php?rest_route=%2Fwp%2Fv2%2Fcomments&post=66127"}],"version-history":[{"count":1,"href":"https:\/\/labestiapolitica.com.mx\/index.php?rest_route=\/wp\/v2\/posts\/66127\/revisions"}],"predecessor-version":[{"id":66129,"href":"https:\/\/labestiapolitica.com.mx\/index.php?rest_route=\/wp\/v2\/posts\/66127\/revisions\/66129"}],"wp:featuredmedia":[{"embeddable":true,"href":"https:\/\/labestiapolitica.com.mx\/index.php?rest_route=\/wp\/v2\/media\/66128"}],"wp:attachment":[{"href":"https:\/\/labestiapolitica.com.mx\/index.php?rest_route=%2Fwp%2Fv2%2Fmedia&parent=66127"}],"wp:term":[{"taxonomy":"category","embeddable":true,"href":"https:\/\/labestiapolitica.com.mx\/index.php?rest_route=%2Fwp%2Fv2%2Fcategories&post=66127"},{"taxonomy":"post_tag","embeddable":true,"href":"https:\/\/labestiapolitica.com.mx\/index.php?rest_route=%2Fwp%2Fv2%2Ftags&post=66127"}],"curies":[{"name":"wp","href":"https:\/\/api.w.org\/{rel}","templated":true}]}}