{"id":66130,"date":"2026-03-10T19:43:05","date_gmt":"2026-03-11T01:43:05","guid":{"rendered":"https:\/\/labestiapolitica.com.mx\/?p=66130"},"modified":"2026-03-10T19:43:05","modified_gmt":"2026-03-11T01:43:05","slug":"tlaxcala-destaca-en-exintex-2026-con-empresas-y-disenadores-del-sector-textil","status":"publish","type":"post","link":"https:\/\/labestiapolitica.com.mx\/?p=66130","title":{"rendered":"Tlaxcala destaca en EXINTEX 2026 con empresas y dise\u00f1adores del sector textil."},"content":{"rendered":"<ul>\n<li style=\"text-align: justify;\">La Sedeco destac\u00f3 que el Gobierno del Estado respaldar\u00e1 a quienes contribuyen a la generaci\u00f3n de empleos y al crecimiento econ\u00f3mico de Tlaxcala<\/li>\n<\/ul>\n<p style=\"text-align: justify;\">Durante la inauguraci\u00f3n de la Feria Internacional Exintex 2026, que se lleva a cabo del 10 al 13 de marzo en Puebla, el titular de la Secretar\u00eda de Desarrollo Econ\u00f3mico (Sedeco), Javier Marroqu\u00edn Calder\u00f3n, destac\u00f3 la participaci\u00f3n del estado de Tlaxcala con 24 representantes del sector, entre empresas y dise\u00f1adores.<\/p>\n<p style=\"text-align: justify;\">En representaci\u00f3n de la gobernadora Lorena Cu\u00e9llar Cisneros, el funcionario resalt\u00f3 que este encuentro, considerado el m\u00e1s relevante de Am\u00e9rica Latina para la industria textil, permite fortalecer la presencia de las empresas tlaxcaltecas, as\u00ed como generar nuevas oportunidades de negocio.<\/p>\n<p style=\"text-align: justify;\">Desde el Centro Expositor de Puebla, Marroqu\u00edn Calder\u00f3n se\u00f1al\u00f3 que el gobierno estatal mantiene un compromiso permanente con el impulso a las micro, peque\u00f1as, medianas y grandes empresas, con el objetivo de que consoliden sus marcas, ampl\u00eden su mercado y establezcan v\u00ednculos comerciales con proveedores y compradores.<\/p>\n<p style=\"text-align: justify;\">Indic\u00f3 que en esta edici\u00f3n se instal\u00f3 el \u201cPabell\u00f3n Tlaxcala\u201d, con una superficie superior a 400 metros cuadrados, donde participan 16 empresas y ocho dise\u00f1adores tlaxcaltecas, quienes exhiben sus productos, creatividad e innovaci\u00f3n ante visitantes nacionales e internacionales.<\/p>\n<p style=\"text-align: justify;\">\u201cEl Gobierno del Estado siempre respaldar\u00e1 a quienes contribuyen a la generaci\u00f3n de empleos y al crecimiento econ\u00f3mico de Tlaxcala\u201d, expres\u00f3.<\/p>\n<p style=\"text-align: justify;\">El titular de la Sedeco destac\u00f3 que la industria textil representa el 24 por ciento de las unidades econ\u00f3micas del sector manufacturero en el estado, con 3 mil 618 unidades que generan alrededor de 13 mil empleos en la confecci\u00f3n y otros subsectores, incluido el textil automotriz.<\/p>\n<p style=\"text-align: justify;\">Asimismo, subray\u00f3 que esta actividad es el tercer sector econ\u00f3mico m\u00e1s importante de la entidad, solo por debajo de las industrias automotriz y metalmec\u00e1nica. \u201cCon el sector textil tenemos un gran compromiso, el compromiso que nos ha encargado la gobernadora Lorena Cu\u00e9llar Cisneros, de apoyarlos\u201d, subray\u00f3.<\/p>\n<p style=\"text-align: justify;\">Marroqu\u00edn Calder\u00f3n invit\u00f3 al sector empresarial a continuar apostando por Tlaxcala como un destino confiable para la inversi\u00f3n y el desarrollo productivo, al tiempo que resalt\u00f3 que Exintex es un espacio estrat\u00e9gico para conocer tendencias, innovaci\u00f3n tecnol\u00f3gica y fortalecer alianzas comerciales dentro de la industria textil.<\/p>\n<p style=\"text-align: justify;\">En el pabell\u00f3n tambi\u00e9n se ofrece la degustaci\u00f3n \u201cCon Sabor a Tlaxcala\u201d, donde emprendedores del sector de alimentos y bebidas comparten productos representativos del estado, como Cacao Frank, Las Aut\u00e9nticas Cl\u00e1sicas, Paletitl\u00e1n, Pulque 4 Grados, tacos de canasta \u201cXiloxochitla\u201d, Helados Candas y Pan de Fiesta Tlaxcala.<\/p>\n","protected":false},"excerpt":{"rendered":"<p>La Sedeco destac\u00f3 que el Gobierno del Estado respaldar\u00e1 a quienes contribuyen a la generaci\u00f3n de empleos y al crecimiento econ\u00f3mico de Tlaxcala Durante la inauguraci\u00f3n de la Feria Internacional Exintex 2026, que se lleva a cabo del 10 al 13 de marzo en Puebla, el titular de la Secretar\u00eda de Desarrollo Econ\u00f3mico (Sedeco), Javier [&hellip;]<\/p>\n","protected":false},"author":5,"featured_media":66131,"comment_status":"open","ping_status":"open","sticky":false,"template":"","format":"standard","meta":{"footnotes":""},"categories":[236],"tags":[],"class_list":["post-66130","post","type-post","status-publish","format-standard","has-post-thumbnail","hentry","category-gobierno-de-tlaxcala"],"amp_enabled":true,"_links":{"self":[{"href":"https:\/\/labestiapolitica.com.mx\/index.php?rest_route=\/wp\/v2\/posts\/66130","targetHints":{"allow":["GET"]}}],"collection":[{"href":"https:\/\/labestiapolitica.com.mx\/index.php?rest_route=\/wp\/v2\/posts"}],"about":[{"href":"https:\/\/labestiapolitica.com.mx\/index.php?rest_route=\/wp\/v2\/types\/post"}],"author":[{"embeddable":true,"href":"https:\/\/labestiapolitica.com.mx\/index.php?rest_route=\/wp\/v2\/users\/5"}],"replies":[{"embeddable":true,"href":"https:\/\/labestiapolitica.com.mx\/index.php?rest_route=%2Fwp%2Fv2%2Fcomments&post=66130"}],"version-history":[{"count":1,"href":"https:\/\/labestiapolitica.com.mx\/index.php?rest_route=\/wp\/v2\/posts\/66130\/revisions"}],"predecessor-version":[{"id":66132,"href":"https:\/\/labestiapolitica.com.mx\/index.php?rest_route=\/wp\/v2\/posts\/66130\/revisions\/66132"}],"wp:featuredmedia":[{"embeddable":true,"href":"https:\/\/labestiapolitica.com.mx\/index.php?rest_route=\/wp\/v2\/media\/66131"}],"wp:attachment":[{"href":"https:\/\/labestiapolitica.com.mx\/index.php?rest_route=%2Fwp%2Fv2%2Fmedia&parent=66130"}],"wp:term":[{"taxonomy":"category","embeddable":true,"href":"https:\/\/labestiapolitica.com.mx\/index.php?rest_route=%2Fwp%2Fv2%2Fcategories&post=66130"},{"taxonomy":"post_tag","embeddable":true,"href":"https:\/\/labestiapolitica.com.mx\/index.php?rest_route=%2Fwp%2Fv2%2Ftags&post=66130"}],"curies":[{"name":"wp","href":"https:\/\/api.w.org\/{rel}","templated":true}]}}