{"id":66139,"date":"2026-03-10T19:49:30","date_gmt":"2026-03-11T01:49:30","guid":{"rendered":"https:\/\/labestiapolitica.com.mx\/?p=66139"},"modified":"2026-03-10T19:49:30","modified_gmt":"2026-03-11T01:49:30","slug":"icatlax-amplia-su-presencia-en-el-estado-y-abre-ruta-de-capacitacion-ligada-a-empleo-e-intercambio-internacional","status":"publish","type":"post","link":"https:\/\/labestiapolitica.com.mx\/?p=66139","title":{"rendered":"ICATLAX ampl\u00eda su presencia en el Estado y abre ruta de capacitaci\u00f3n ligada a empleo e intercambio internacional."},"content":{"rendered":"<ul>\n<li style=\"text-align: justify;\">El instituto habilitar\u00e1 una nueva sede en San Pablo del Monte, impulsar\u00e1 una academia de formaci\u00f3n con una empresa del sector automotriz y proyecta acuerdos con Espa\u00f1a y Alemania para ampliar las oportunidades de capacitaci\u00f3n_<\/li>\n<\/ul>\n<p style=\"text-align: justify;\">El Instituto de Capacitaci\u00f3n para el Trabajo del Estado de Tlaxcala (ICATLAX) anunci\u00f3 una nueva etapa de crecimiento institucional con proyectos de expansi\u00f3n territorial, vinculaci\u00f3n directa con la industria y cooperaci\u00f3n internacional, como parte de una estrategia para fortalecer la formaci\u00f3n t\u00e9cnica y acercar m\u00e1s oportunidades de empleo a la poblaci\u00f3n.<\/p>\n<p style=\"text-align: justify;\">Durante los Di\u00e1logos Circulares realizado por la Coordinaci\u00f3n de Comunicaci\u00f3n en el Auditorio \u201cTrinidad S\u00e1nchez Santos\u201d, el director general del ICATLAX, Juan Javier Potrero Tizamitl, inform\u00f3 que, en abril, ser\u00e1 entregado un nuevo inmueble en San Pablo del Monte, que anteriormente funcionaba como parador tur\u00edstico y que fue obtenido mediante un comodato por 20 a\u00f1os, resultado de las gestiones de la gobernadora Lorena Cu\u00e9llar Cisneros.<\/p>\n<p style=\"text-align: justify;\">Para la adecuaci\u00f3n del espacio se destinaron 2 millones 140 mil 378 pesos, inversi\u00f3n con la que se habilitar\u00e1n talleres de escuela de manejo con simuladores, sala de c\u00f3mputo, cocina, carpinter\u00eda, mec\u00e1nica y un \u00e1rea de estilismo, con el objetivo de ampliar la oferta de capacitaci\u00f3n en una zona estrat\u00e9gica del sur del estado.<\/p>\n<p style=\"text-align: justify;\">El funcionario explic\u00f3 que la ubicaci\u00f3n del inmueble, en la entrada del municipio y junto a la carretera V\u00eda Corta, permitir\u00e1 brindar cursos y talleres en condiciones m\u00e1s accesibles y adecuadas para la poblaci\u00f3n, adem\u00e1s de fortalecer la cobertura del instituto en una de las regiones con mayor dinamismo laboral.<\/p>\n<p style=\"text-align: justify;\">Asimismo, anunci\u00f3 el convenio firmado con Sumitomo Electric Bordnetze M\u00e9xico (SEBNMX), empresa dedicada a la fabricaci\u00f3n de arneses el\u00e9ctricos automotrices, que actualmente cuenta con m\u00e1s de 2 mil 700 colaboradores y prev\u00e9 una ampliaci\u00f3n durante este a\u00f1o que se traducir\u00e1 en la contrataci\u00f3n de entre 2 mil y 3 mil personas.<\/p>\n<p style=\"text-align: justify;\">Como parte de este acuerdo, las antiguas instalaciones del ICATLAX en San Pablo del Monte ser\u00e1n entregadas en comodato para la creaci\u00f3n de la Academia SEBNMX, un espacio orientado al reclutamiento, la capacitaci\u00f3n t\u00e9cnica especializada y la formaci\u00f3n de personal que podr\u00e1 incorporarse a las l\u00edneas de producci\u00f3n de la empresa.<\/p>\n<p style=\"text-align: justify;\">El convenio establece bases de colaboraci\u00f3n para impartir capacitaci\u00f3n acelerada espec\u00edfica, fortalecer los procesos de formaci\u00f3n de talento, promover el emprendimiento y consolidar una relaci\u00f3n m\u00e1s estrecha entre la capacitaci\u00f3n para el trabajo y las necesidades reales del sector productivo.<\/p>\n<p style=\"text-align: justify;\">En este esquema, el ICATLAX aportar\u00e1 instructores certificados, instalaciones, programas de capacitaci\u00f3n con validez oficial de la SEP y apoyo en procesos de vinculaci\u00f3n, mientras que la empresa contribuir\u00e1 con equipamiento, maquinaria, materiales, contenidos t\u00e9cnicos y selecci\u00f3n del personal capacitado. La apuesta institucional es que la formaci\u00f3n responda de manera m\u00e1s directa a la demanda del mercado laboral y se traduzca en mayores oportunidades de empleo para las y los tlaxcaltecas.<\/p>\n<p style=\"text-align: justify;\">El director del instituto inform\u00f3 que este a\u00f1o se incrementar\u00e1 el pago por hora clase para instructores, al pasar de 137 a 157 pesos, cuando en 2022 era de 78 pesos. En el caso de los cursos de capacitaci\u00f3n especializada, la tarifa ser\u00e1 de 180 pesos por hora, como parte de una estrategia para fortalecer la plantilla docente y ampliar la capacidad operativa del instituto.<\/p>\n<p style=\"text-align: justify;\">A ello se suma la firma de un convenio con Casa Tlaxcala en la Ciudad de M\u00e9xico, orientado a impulsar la vinculaci\u00f3n internacional en materia de capacitaci\u00f3n. A trav\u00e9s de este acuerdo se buscar\u00e1 promover el intercambio de instructores, alumnos y personal especializado, as\u00ed como construir convenios con instituciones hom\u00f3logas y embajadas, principalmente en Espa\u00f1a y Alemania.<\/p>\n<p style=\"text-align: justify;\">La estrategia contempla mesas de trabajo con organismos internacionales e instituciones especializadas para abrir nuevas rutas de cooperaci\u00f3n educativa y t\u00e9cnica, fortalecer la movilidad acad\u00e9mica y ampliar las oportunidades de formaci\u00f3n y emprendimiento para la poblaci\u00f3n tlaxcalteca.<\/p>\n<p style=\"text-align: justify;\">Finalmente, Potrero Tizamitl a\u00f1adi\u00f3 que el ICATLAX se encuentra en proceso de gesti\u00f3n de un predio para instalar una nueva unidad de capacitaci\u00f3n en la capital del estado, con el prop\u00f3sito de atender la demanda de la zona centro y seguir ampliando la presencia territorial del instituto.<\/p>\n","protected":false},"excerpt":{"rendered":"<p>El instituto habilitar\u00e1 una nueva sede en San Pablo del Monte, impulsar\u00e1 una academia de formaci\u00f3n con una empresa del sector automotriz y proyecta acuerdos con Espa\u00f1a y Alemania para ampliar las oportunidades de capacitaci\u00f3n_ El Instituto de Capacitaci\u00f3n para el Trabajo del Estado de Tlaxcala (ICATLAX) anunci\u00f3 una nueva etapa de crecimiento institucional con [&hellip;]<\/p>\n","protected":false},"author":5,"featured_media":66140,"comment_status":"open","ping_status":"open","sticky":false,"template":"","format":"standard","meta":{"footnotes":""},"categories":[236],"tags":[],"class_list":["post-66139","post","type-post","status-publish","format-standard","has-post-thumbnail","hentry","category-gobierno-de-tlaxcala"],"amp_enabled":true,"_links":{"self":[{"href":"https:\/\/labestiapolitica.com.mx\/index.php?rest_route=\/wp\/v2\/posts\/66139","targetHints":{"allow":["GET"]}}],"collection":[{"href":"https:\/\/labestiapolitica.com.mx\/index.php?rest_route=\/wp\/v2\/posts"}],"about":[{"href":"https:\/\/labestiapolitica.com.mx\/index.php?rest_route=\/wp\/v2\/types\/post"}],"author":[{"embeddable":true,"href":"https:\/\/labestiapolitica.com.mx\/index.php?rest_route=\/wp\/v2\/users\/5"}],"replies":[{"embeddable":true,"href":"https:\/\/labestiapolitica.com.mx\/index.php?rest_route=%2Fwp%2Fv2%2Fcomments&post=66139"}],"version-history":[{"count":1,"href":"https:\/\/labestiapolitica.com.mx\/index.php?rest_route=\/wp\/v2\/posts\/66139\/revisions"}],"predecessor-version":[{"id":66141,"href":"https:\/\/labestiapolitica.com.mx\/index.php?rest_route=\/wp\/v2\/posts\/66139\/revisions\/66141"}],"wp:featuredmedia":[{"embeddable":true,"href":"https:\/\/labestiapolitica.com.mx\/index.php?rest_route=\/wp\/v2\/media\/66140"}],"wp:attachment":[{"href":"https:\/\/labestiapolitica.com.mx\/index.php?rest_route=%2Fwp%2Fv2%2Fmedia&parent=66139"}],"wp:term":[{"taxonomy":"category","embeddable":true,"href":"https:\/\/labestiapolitica.com.mx\/index.php?rest_route=%2Fwp%2Fv2%2Fcategories&post=66139"},{"taxonomy":"post_tag","embeddable":true,"href":"https:\/\/labestiapolitica.com.mx\/index.php?rest_route=%2Fwp%2Fv2%2Ftags&post=66139"}],"curies":[{"name":"wp","href":"https:\/\/api.w.org\/{rel}","templated":true}]}}