{"id":66157,"date":"2026-03-10T20:06:06","date_gmt":"2026-03-11T02:06:06","guid":{"rendered":"https:\/\/labestiapolitica.com.mx\/?p=66157"},"modified":"2026-03-10T20:06:06","modified_gmt":"2026-03-11T02:06:06","slug":"inaugura-gobernadora-nuevas-oficinas-de-coeprist","status":"publish","type":"post","link":"https:\/\/labestiapolitica.com.mx\/?p=66157","title":{"rendered":"Inaugura gobernadora nuevas oficinas de COEPRIST."},"content":{"rendered":"<ul>\n<li style=\"text-align: justify;\">Adem\u00e1s, anunci\u00f3 inversi\u00f3n federal para un nuevo hospital regional para Tlaxcala<\/li>\n<\/ul>\n<p style=\"text-align: justify;\">Demian M\u00e1rquez | La gobernadora de Tlaxcala, Lorena Cu\u00e9llar Cisneros, encabez\u00f3 la inauguraci\u00f3n de las nuevas instalaciones de la Comisi\u00f3n Estatal para la Protecci\u00f3n contra Riesgos Sanitarios de Tlaxcala (COEPRIST), obra que busca fortalecer la vigilancia sanitaria y mejorar la atenci\u00f3n que se brinda a la poblaci\u00f3n.<\/p>\n<p style=\"text-align: justify;\">Este nuevo complejo permitir\u00e1 optimizar tareas de regulaci\u00f3n, supervisi\u00f3n y control de establecimientos, productos y servicios relacionados con la salud p\u00fablica.<\/p>\n<p style=\"text-align: justify;\">Durante el acto se inform\u00f3 que el proyecto incluy\u00f3 la construcci\u00f3n y remodelaci\u00f3n de distintas \u00e1reas del sector salud, entre ellas Calidad y Ense\u00f1anza, CEAM, CRUMT, Epidemiolog\u00eda y CECAP, con el objetivo de modernizar espacios administrativos y t\u00e9cnicos.<\/p>\n<p style=\"text-align: justify;\">Las obras abarcan m\u00e1s de mil 300 metros cuadrados de construcci\u00f3n nueva, adem\u00e1s de trabajos de rehabilitaci\u00f3n y mantenimiento en diversas unidades que integran el complejo.<\/p>\n<p style=\"text-align: justify;\">Autoridades estatales destacaron que estas mejoras permitir\u00e1n fortalecer la coordinaci\u00f3n entre \u00e1reas estrat\u00e9gicas dedicadas a la vigilancia epidemiol\u00f3gica, la capacitaci\u00f3n del personal y la atenci\u00f3n de emergencias m\u00e9dicas.<\/p>\n<p style=\"text-align: justify;\">Asimismo,que esta intervenci\u00f3n corrige a\u00f1os de rezago, ya que desde 2015 no se realizaba una inversi\u00f3n importante en la infraestructura de estas oficinas.<\/p>\n<p style=\"text-align: justify;\">La mandataria resalt\u00f3 los avances en infraestructura sanitaria logrados durante su administraci\u00f3n, entre ellos la creaci\u00f3n de nuevas unidades m\u00e9dicas, ampliaciones hospitalarias y equipamiento especializado para la atenci\u00f3n de distintas enfermedades.<\/p>\n<p style=\"text-align: justify;\">Cu\u00e9llar Cisneros tambi\u00e9n anunci\u00f3 que el gobierno federal que encabeza Claudia Sheinbaum Pardo, respaldar\u00e1 la construcci\u00f3n de un hospital regional en Tlaxcala, proyecto que contempla una inversi\u00f3n aproximada de 5 mil millones de pesos y que beneficiar\u00e1 a cerca de 500 mil personas.<\/p>\n<p style=\"text-align: justify;\">La obra, se\u00f1al\u00f3, formar\u00e1 parte del fortalecimiento del sistema de salud en la entidad y se sumar\u00e1 a otras acciones que buscan ampliar la cobertura y mejorar la calidad de los servicios m\u00e9dicos.<\/p>\n","protected":false},"excerpt":{"rendered":"<p>Adem\u00e1s, anunci\u00f3 inversi\u00f3n federal para un nuevo hospital regional para Tlaxcala Demian M\u00e1rquez | La gobernadora de Tlaxcala, Lorena Cu\u00e9llar Cisneros, encabez\u00f3 la inauguraci\u00f3n de las nuevas instalaciones de la Comisi\u00f3n Estatal para la Protecci\u00f3n contra Riesgos Sanitarios de Tlaxcala (COEPRIST), obra que busca fortalecer la vigilancia sanitaria y mejorar la atenci\u00f3n que se brinda [&hellip;]<\/p>\n","protected":false},"author":5,"featured_media":66158,"comment_status":"open","ping_status":"open","sticky":false,"template":"","format":"standard","meta":{"footnotes":""},"categories":[3,236],"tags":[],"class_list":["post-66157","post","type-post","status-publish","format-standard","has-post-thumbnail","hentry","category-8-columnas","category-gobierno-de-tlaxcala"],"amp_enabled":true,"_links":{"self":[{"href":"https:\/\/labestiapolitica.com.mx\/index.php?rest_route=\/wp\/v2\/posts\/66157","targetHints":{"allow":["GET"]}}],"collection":[{"href":"https:\/\/labestiapolitica.com.mx\/index.php?rest_route=\/wp\/v2\/posts"}],"about":[{"href":"https:\/\/labestiapolitica.com.mx\/index.php?rest_route=\/wp\/v2\/types\/post"}],"author":[{"embeddable":true,"href":"https:\/\/labestiapolitica.com.mx\/index.php?rest_route=\/wp\/v2\/users\/5"}],"replies":[{"embeddable":true,"href":"https:\/\/labestiapolitica.com.mx\/index.php?rest_route=%2Fwp%2Fv2%2Fcomments&post=66157"}],"version-history":[{"count":1,"href":"https:\/\/labestiapolitica.com.mx\/index.php?rest_route=\/wp\/v2\/posts\/66157\/revisions"}],"predecessor-version":[{"id":66159,"href":"https:\/\/labestiapolitica.com.mx\/index.php?rest_route=\/wp\/v2\/posts\/66157\/revisions\/66159"}],"wp:featuredmedia":[{"embeddable":true,"href":"https:\/\/labestiapolitica.com.mx\/index.php?rest_route=\/wp\/v2\/media\/66158"}],"wp:attachment":[{"href":"https:\/\/labestiapolitica.com.mx\/index.php?rest_route=%2Fwp%2Fv2%2Fmedia&parent=66157"}],"wp:term":[{"taxonomy":"category","embeddable":true,"href":"https:\/\/labestiapolitica.com.mx\/index.php?rest_route=%2Fwp%2Fv2%2Fcategories&post=66157"},{"taxonomy":"post_tag","embeddable":true,"href":"https:\/\/labestiapolitica.com.mx\/index.php?rest_route=%2Fwp%2Fv2%2Ftags&post=66157"}],"curies":[{"name":"wp","href":"https:\/\/api.w.org\/{rel}","templated":true}]}}