{"id":66182,"date":"2026-03-11T11:24:12","date_gmt":"2026-03-11T17:24:12","guid":{"rendered":"https:\/\/labestiapolitica.com.mx\/?p=66182"},"modified":"2026-03-11T11:40:05","modified_gmt":"2026-03-11T17:40:05","slug":"niega-titular-de-la-ssc-vinculos-con-el-crimen-organizado-ofrece-datos-sobre-investigaciones-internas","status":"publish","type":"post","link":"https:\/\/labestiapolitica.com.mx\/?p=66182","title":{"rendered":"Niega titular de la SSC v\u00ednculos con el crimen organizado; ofrece datos sobre investigaciones internas"},"content":{"rendered":"<p style=\"text-align: justify;\">Mariana LOVERA\/\/ En relaci\u00f3n con la reciente nota period\u00edstica difundida por Imagen Televisi\u00f3n que presuntamente liga a la polic\u00eda estatal con la \u00abn\u00f3mina\u00bb de un cartel delictivo, el secretario de Seguridad Ciudadana, Mart\u00edn Perea Marrufo, ofreci\u00f3 una postura oficial en la que neg\u00f3 categ\u00f3ricamente cualquier involucramiento de la corporaci\u00f3n con el crimen organizado.<\/p>\n<p style=\"text-align: justify;\">Durante los di\u00e1logos circulares, el funcionario asegur\u00f3 que la dependencia estatal est\u00e1 abierta a la investigaci\u00f3n y que cuentan con mecanismos internos para depurar la corporaci\u00f3n.<\/p>\n<p style=\"text-align: justify;\">Perea Marrufo afirm\u00f3 que la Secretar\u00eda de Seguridad Ciudadana (SSC) trabaja de manera permanente con investigaciones de oficio a trav\u00e9s de la unidad de Asuntos Internos. Explic\u00f3 que ante cualquier queja ciudadana o comportamiento extra\u00f1o de un elemento, se procede de inmediato:<\/p>\n<p style=\"text-align: justify;\">\u00b7 Apertura de una carpeta de investigaci\u00f3n interna.<br \/>\n\u00b7 Consulta de fuentes y citaci\u00f3n con el ciudadano para establecer modo, tiempo y lugar de los hechos.<br \/>\n\u00b7 En caso de encontrar elementos s\u00f3lidos, el caso se turna al Consejo de Honor y se da vista al Ministerio P\u00fablico y a la Fiscal\u00eda Anticorrupci\u00f3n.<\/p>\n<p style=\"text-align: justify;\">\u201cNosotros en la secretar\u00eda rechazamos categ\u00f3ricamente, nos deslindamos de esta situaci\u00f3n\u00bb, declar\u00f3, atribuyendo la nota period\u00edstica a \u00abmucha desinformaci\u00f3n\u00bb.<\/p>\n<p style=\"text-align: justify;\">El secretario subray\u00f3 que est\u00e1n dispuestos a colaborar con la Fiscal\u00eda General de la Rep\u00fablica (FGR) en caso de ser requeridos. \u00abTodos los elementos de la secretar\u00eda podemos estar bajo el escrutinio de la autoridad judicial, desde el que habla hasta el \u00faltimo polic\u00eda\u00bb, enfatiz\u00f3.<\/p>\n<p style=\"text-align: justify;\">Al ser cuestionado sobre el n\u00famero de carpetas abiertas y los resultados, Perea Marrufo detall\u00f3 que se tienen 5 investigaciones en curso por quejas ciudadanas, principalmente relacionadas con solicitud de d\u00e1divas o recursos econ\u00f3micos por parte de elementos.<\/p>\n<p style=\"text-align: justify;\">Durante el a\u00f1o 2025, se dieron de baja a 6 elementos por malas pr\u00e1cticas. Aclar\u00f3 que estos agentes no podr\u00e1n reincorporarse a otra \u00e1rea de seguridad o dependencia de gobierno.<\/p>\n<p style=\"text-align: justify;\">El funcionario se\u00f1al\u00f3 que no todas las quejas proceden, ya que en ocasiones los ciudadanos se niegan a ratificar la denuncia o los argumentos no son s\u00f3lidos, por lo que se debe otorgar el \u00abbeneficio de la duda\u00bb al elemento hasta que exista certeza para sancionar, conforme a la Ley de Disciplina.<\/p>\n<p style=\"text-align: justify;\">Respecto al da\u00f1o a la imagen de la corporaci\u00f3n tras la difusi\u00f3n de la nota a nivel nacional, Perea Marrufo coment\u00f3 que \u00abla imagen de una corporaci\u00f3n siempre la dan los ciudadanos\u00bb. Acept\u00f3 que las acusaciones serias deben investigarse, pero inst\u00f3 a que la labor period\u00edstica sea \u00abs\u00f3lida y con argumentos\u00bb.<\/p>\n<p style=\"text-align: justify;\">Defendi\u00f3 la labor de la polic\u00eda estatal, destacando su trabajo en las Mesas de Paz, la cercan\u00eda con municipios y las labores de prevenci\u00f3n del delito en diversos sectores (ni\u00f1os, j\u00f3venes y mujeres). Afirm\u00f3 que los elementos \u00abson seres humanos que trabajan y est\u00e1n dispuestos a proteger al ciudadano\u00bb.<\/p>\n<p style=\"text-align: justify;\">Finalmente, para reforzar su postura sobre la percepci\u00f3n ciudadana, el vocero del gobierno del estado, Antonio Mart\u00ednez Velazquez, cit\u00f3 la \u00faltima edici\u00f3n de la Encuesta Nacional de Seguridad P\u00fablica (ENSU) del INEGI, asegurando que la Polic\u00eda Estatal de Tlaxcala se encuentra por arriba del promedio nacional en cuanto a confianza ciudadana, a pesar de que las corporaciones estatales suelen tener niveles m\u00e1s bajos que las federales.<\/p>\n","protected":false},"excerpt":{"rendered":"<p>Mariana LOVERA\/\/ En relaci\u00f3n con la reciente nota period\u00edstica difundida por Imagen Televisi\u00f3n que presuntamente liga a la polic\u00eda estatal con la \u00abn\u00f3mina\u00bb de un cartel delictivo, el secretario de Seguridad Ciudadana, Mart\u00edn Perea Marrufo, ofreci\u00f3 una postura oficial en la que neg\u00f3 categ\u00f3ricamente cualquier involucramiento de la corporaci\u00f3n con el crimen organizado. Durante los [&hellip;]<\/p>\n","protected":false},"author":6,"featured_media":66183,"comment_status":"open","ping_status":"open","sticky":false,"template":"","format":"standard","meta":{"footnotes":""},"categories":[3,7],"tags":[],"class_list":["post-66182","post","type-post","status-publish","format-standard","has-post-thumbnail","hentry","category-8-columnas","category-ciudadanos"],"amp_enabled":true,"_links":{"self":[{"href":"https:\/\/labestiapolitica.com.mx\/index.php?rest_route=\/wp\/v2\/posts\/66182","targetHints":{"allow":["GET"]}}],"collection":[{"href":"https:\/\/labestiapolitica.com.mx\/index.php?rest_route=\/wp\/v2\/posts"}],"about":[{"href":"https:\/\/labestiapolitica.com.mx\/index.php?rest_route=\/wp\/v2\/types\/post"}],"author":[{"embeddable":true,"href":"https:\/\/labestiapolitica.com.mx\/index.php?rest_route=\/wp\/v2\/users\/6"}],"replies":[{"embeddable":true,"href":"https:\/\/labestiapolitica.com.mx\/index.php?rest_route=%2Fwp%2Fv2%2Fcomments&post=66182"}],"version-history":[{"count":1,"href":"https:\/\/labestiapolitica.com.mx\/index.php?rest_route=\/wp\/v2\/posts\/66182\/revisions"}],"predecessor-version":[{"id":66186,"href":"https:\/\/labestiapolitica.com.mx\/index.php?rest_route=\/wp\/v2\/posts\/66182\/revisions\/66186"}],"wp:featuredmedia":[{"embeddable":true,"href":"https:\/\/labestiapolitica.com.mx\/index.php?rest_route=\/wp\/v2\/media\/66183"}],"wp:attachment":[{"href":"https:\/\/labestiapolitica.com.mx\/index.php?rest_route=%2Fwp%2Fv2%2Fmedia&parent=66182"}],"wp:term":[{"taxonomy":"category","embeddable":true,"href":"https:\/\/labestiapolitica.com.mx\/index.php?rest_route=%2Fwp%2Fv2%2Fcategories&post=66182"},{"taxonomy":"post_tag","embeddable":true,"href":"https:\/\/labestiapolitica.com.mx\/index.php?rest_route=%2Fwp%2Fv2%2Ftags&post=66182"}],"curies":[{"name":"wp","href":"https:\/\/api.w.org\/{rel}","templated":true}]}}