{"id":66184,"date":"2026-03-11T11:29:03","date_gmt":"2026-03-11T17:29:03","guid":{"rendered":"https:\/\/labestiapolitica.com.mx\/?p=66184"},"modified":"2026-03-11T11:29:03","modified_gmt":"2026-03-11T17:29:03","slug":"desde-lo-local-se-construye-la-transformacion-oscar-flores-jimenez","status":"publish","type":"post","link":"https:\/\/labestiapolitica.com.mx\/?p=66184","title":{"rendered":"Desde lo local se construye la transformaci\u00f3n: \u00d3scar Flores Jim\u00e9nez."},"content":{"rendered":"<ul>\n<li style=\"text-align: justify;\">El tlaxcalteca subray\u00f3 que la coordinaci\u00f3n entre gobiernos estatales y municipales es fundamental para atender las necesidades de la poblaci\u00f3n<\/li>\n<\/ul>\n<p style=\"text-align: justify;\">El tlaxcalteca \u00d3scar Flores Jim\u00e9nez subray\u00f3 que la transformaci\u00f3n del pa\u00eds y de los estados solo puede consolidarse a partir de una estrecha coordinaci\u00f3n con los municipios, al ser el primer nivel de gobierno con el que la ciudadan\u00eda tiene contacto directo para atender sus necesidades y resolver sus principales problem\u00e1ticas.<br \/>\nSe\u00f1al\u00f3 que, siguiendo el ejemplo de los gobiernos comprometidos con el bienestar del pueblo, la coordinaci\u00f3n y la colaboraci\u00f3n institucional son pilares fundamentales para impulsar el desarrollo desde lo local y fortalecer la capacidad de respuesta de las autoridades frente a las demandas sociales.<br \/>\nEn su calidad de secretario de Finanzas del Estado de M\u00e9xico, explic\u00f3 que el di\u00e1logo permanente con los ayuntamientos mexiquenses ha permitido fortalecer la planeaci\u00f3n del gasto p\u00fablico, potenciar el impacto del presupuesto y traducir los recursos en m\u00e1s obras, programas y servicios para la poblaci\u00f3n, particularmente para quienes m\u00e1s lo necesitan.<br \/>\nIndic\u00f3 que estos espacios de colaboraci\u00f3n tambi\u00e9n han servido para compartir con las autoridades locales el Manual B\u00e1sico para la Administraci\u00f3n P\u00fablica Municipal, herramienta que contribuye a fortalecer la gesti\u00f3n p\u00fablica local mediante metodolog\u00edas y t\u00e9cnicas orientadas a construir gobiernos municipales m\u00e1s eficientes, transparentes y cercanos a la gente.<br \/>\nFlores Jim\u00e9nez destac\u00f3 que la coordinaci\u00f3n entre los distintos \u00f3rdenes de gobierno es clave para consolidar proyectos de desarrollo regional y garantizar que las pol\u00edticas p\u00fablicas lleguen de manera efectiva a las comunidades.<br \/>\n\u201cEl trabajo colectivo y la corresponsabilidad con los municipios nos permiten materializar la planeaci\u00f3n, avanzar en las prioridades y asegurar que cada decisi\u00f3n se traduzca en bienestar real para las familias en todas las regiones\u201d, afirm\u00f3 el morenista.<\/p>\n","protected":false},"excerpt":{"rendered":"<p>El tlaxcalteca subray\u00f3 que la coordinaci\u00f3n entre gobiernos estatales y municipales es fundamental para atender las necesidades de la poblaci\u00f3n El tlaxcalteca \u00d3scar Flores Jim\u00e9nez subray\u00f3 que la transformaci\u00f3n del pa\u00eds y de los estados solo puede consolidarse a partir de una estrecha coordinaci\u00f3n con los municipios, al ser el primer nivel de gobierno con [&hellip;]<\/p>\n","protected":false},"author":5,"featured_media":66187,"comment_status":"open","ping_status":"open","sticky":false,"template":"","format":"standard","meta":{"footnotes":""},"categories":[3,247],"tags":[],"class_list":["post-66184","post","type-post","status-publish","format-standard","has-post-thumbnail","hentry","category-8-columnas","category-politica"],"amp_enabled":true,"_links":{"self":[{"href":"https:\/\/labestiapolitica.com.mx\/index.php?rest_route=\/wp\/v2\/posts\/66184","targetHints":{"allow":["GET"]}}],"collection":[{"href":"https:\/\/labestiapolitica.com.mx\/index.php?rest_route=\/wp\/v2\/posts"}],"about":[{"href":"https:\/\/labestiapolitica.com.mx\/index.php?rest_route=\/wp\/v2\/types\/post"}],"author":[{"embeddable":true,"href":"https:\/\/labestiapolitica.com.mx\/index.php?rest_route=\/wp\/v2\/users\/5"}],"replies":[{"embeddable":true,"href":"https:\/\/labestiapolitica.com.mx\/index.php?rest_route=%2Fwp%2Fv2%2Fcomments&post=66184"}],"version-history":[{"count":1,"href":"https:\/\/labestiapolitica.com.mx\/index.php?rest_route=\/wp\/v2\/posts\/66184\/revisions"}],"predecessor-version":[{"id":66188,"href":"https:\/\/labestiapolitica.com.mx\/index.php?rest_route=\/wp\/v2\/posts\/66184\/revisions\/66188"}],"wp:featuredmedia":[{"embeddable":true,"href":"https:\/\/labestiapolitica.com.mx\/index.php?rest_route=\/wp\/v2\/media\/66187"}],"wp:attachment":[{"href":"https:\/\/labestiapolitica.com.mx\/index.php?rest_route=%2Fwp%2Fv2%2Fmedia&parent=66184"}],"wp:term":[{"taxonomy":"category","embeddable":true,"href":"https:\/\/labestiapolitica.com.mx\/index.php?rest_route=%2Fwp%2Fv2%2Fcategories&post=66184"},{"taxonomy":"post_tag","embeddable":true,"href":"https:\/\/labestiapolitica.com.mx\/index.php?rest_route=%2Fwp%2Fv2%2Ftags&post=66184"}],"curies":[{"name":"wp","href":"https:\/\/api.w.org\/{rel}","templated":true}]}}