{"id":66234,"date":"2026-03-11T14:53:27","date_gmt":"2026-03-11T20:53:27","guid":{"rendered":"https:\/\/labestiapolitica.com.mx\/?p=66234"},"modified":"2026-03-11T14:54:43","modified_gmt":"2026-03-11T20:54:43","slug":"tras-resolucion-judicial-sepe-uset-afirma-que-acatara-amparo-aunque-aun-no-han-sido-notificados","status":"publish","type":"post","link":"https:\/\/labestiapolitica.com.mx\/?p=66234","title":{"rendered":"Tras resoluci\u00f3n judicial, SEPE-USET afirma que acatar\u00e1 amparo, aunque a\u00fan no han sido notificados"},"content":{"rendered":"<p class=\"p1\" style=\"text-align: justify;\">Mariana LOVERA\/\/ Luego de que padres y madres de familia de las primarias Emiliano Zapata (turno matutino) e Ignacio Manuel Altamirano (turno vespertino) anunciaran que obtuvieron un amparo para impedir el desalojo y reubicaci\u00f3n del plantel, el titular de la Secretar\u00eda de Educaci\u00f3n P\u00fablica del Estado (SEPE) y director general de la Unidad de Servicios Educativos del Estado de Tlaxcala (USET), Homero Meneses Hern\u00e1ndez, asegur\u00f3 que su dependencia acatar\u00e1 la resoluci\u00f3n judicial en cuanto sea notificada oficialmente.<\/p>\n<p class=\"p1\" style=\"text-align: justify;\"><span class=\"s1\">En entrevista colectiva, el funcionario estatal reconoci\u00f3 que hasta el momento no ha recibido ninguna notificaci\u00f3n formal sobre el recurso legal promovido por los tutores de los alumnos, pero fue enf\u00e1tico al se\u00f1alar que, de confirmarse la existencia del amparo, la autoridad educativa est\u00e1 obligada a cumplirlo.<\/span><\/p>\n<p class=\"p1\" style=\"text-align: justify;\"><span class=\"s1\">\u00abNo tenemos ese amparo, espero que nos lo hagan llegar, pero no tenemos conocimiento de tal hasta hace unos momentos. \u00bfEn caso de que se confirme este amparo? -se le cuestion\u00f3- Hay que obedecer los amparos, los amparos no son para negociarse son instrucciones y se tienen que acatar, pero hay que ver, no hay que adelantar v\u00edsperas\u00bb, declar\u00f3.<\/span><\/p>\n<p class=\"p1\" style=\"text-align: justify;\"><span class=\"s1\">Meneses Hern\u00e1ndez detall\u00f3 que previo a su participaci\u00f3n en un evento p\u00fablico, pregunt\u00f3 a sus colaboradores si exist\u00eda alguna notificaci\u00f3n al respecto y la respuesta fue negativa, por lo que insisti\u00f3 en esperar a que el Poder Judicial de la Federaci\u00f3n realice el procedimiento correspondiente.<\/span><\/p>\n<p class=\"p1\" style=\"text-align: justify;\"><span class=\"s1\">El titular de la SEPE-USET sostuvo que el gobierno estatal ha actuado con base en elementos constitucionales y que, desde el inicio del proceso, se visualizaron los distintos escenarios y rutas jur\u00eddicas que podr\u00edan tomar los padres de familia inconformes con el proyecto de reubicaci\u00f3n, que pretend\u00eda trasladar a alumnos y docentes a un inmueble en la colonia La Loma Xicoht\u00e9ncatl.<\/span><\/p>\n<p class=\"p1\" style=\"text-align: justify;\"><span class=\"s1\">El d\u00eda de ayer, en asamblea realizada en el mercado municipal Emilio S\u00e1nchez Piedras, madres de familia y miembros del comit\u00e9 de lucha informaron a la sociedad y a los medios de comunicaci\u00f3n que regresaban de los Juzgados en la Ciudad Judicial, donde lograron que un juez federal les concediera el amparo que impide a las autoridades educativas el desalojo y derrumbe de la escuela primaria.<\/span><\/p>\n<p class=\"p1\" style=\"text-align: justify;\"><span class=\"s1\">\u00abHoy logramos nuestro amparo para que la escuela se quede\u00bb, expresaron las madres, quienes denunciaron que tanto la SEPE, como el gobierno municipal de Tlaxcala y el estatal, pretend\u00edan vulnerar sus derechos.<\/span><\/p>\n<p class=\"p1\" style=\"text-align: justify;\"><span class=\"s1\">\u00abMinimizaron la marcha porque fuimos 25 personas, yo fui representante de mi sal\u00f3n, mi compa\u00f1era de su sal\u00f3n y as\u00ed, y fuimos los representantes y la voz de todos y hoy logramos el amparo\u00bb, se\u00f1alaron.<\/span><\/p>\n<p class=\"p1\" style=\"text-align: justify;\"><span class=\"s1\">Las manifestantes subrayaron que el gobierno, de manera \u00abilegal y arbitraria\u00bb, atentaba contra el derecho a la educaci\u00f3n de sus hijos al pretender derrumbar el inmueble ubicado en pleno centro de la ciudad.<\/span><\/p>\n<p class=\"p1\" style=\"text-align: justify;\"><span class=\"s1\">\u00abLo que hace el gobierno y las autoridades es inaceptable, es el derecho a la educaci\u00f3n, al trabajo y garantizar que nuestros hijos tengan acceso a la educaci\u00f3n de calidad\u00bb, reclamaron.<\/span><\/p>\n<p class=\"p1\" style=\"text-align: justify;\"><span class=\"s1\">Las madres de familia anunciaron que permanecer\u00e1n vigilantes del plantel y que el amparo obtenido no solo las beneficia a ellas, sino a toda la ciudadan\u00eda y a los comerciantes de la zona, ya que la permanencia de la escuela garantiza tambi\u00e9n la estabilidad del mercado.<\/span><\/p>\n","protected":false},"excerpt":{"rendered":"<p>Mariana LOVERA\/\/ Luego de que padres y madres de familia de las primarias Emiliano Zapata (turno matutino) e Ignacio Manuel Altamirano (turno vespertino) anunciaran que obtuvieron un amparo para impedir el desalojo y reubicaci\u00f3n del plantel, el titular de la Secretar\u00eda de Educaci\u00f3n P\u00fablica del Estado (SEPE) y director general de la Unidad de Servicios [&hellip;]<\/p>\n","protected":false},"author":6,"featured_media":66235,"comment_status":"open","ping_status":"open","sticky":false,"template":"","format":"standard","meta":{"footnotes":""},"categories":[3,7],"tags":[],"class_list":["post-66234","post","type-post","status-publish","format-standard","has-post-thumbnail","hentry","category-8-columnas","category-ciudadanos"],"amp_enabled":true,"_links":{"self":[{"href":"https:\/\/labestiapolitica.com.mx\/index.php?rest_route=\/wp\/v2\/posts\/66234","targetHints":{"allow":["GET"]}}],"collection":[{"href":"https:\/\/labestiapolitica.com.mx\/index.php?rest_route=\/wp\/v2\/posts"}],"about":[{"href":"https:\/\/labestiapolitica.com.mx\/index.php?rest_route=\/wp\/v2\/types\/post"}],"author":[{"embeddable":true,"href":"https:\/\/labestiapolitica.com.mx\/index.php?rest_route=\/wp\/v2\/users\/6"}],"replies":[{"embeddable":true,"href":"https:\/\/labestiapolitica.com.mx\/index.php?rest_route=%2Fwp%2Fv2%2Fcomments&post=66234"}],"version-history":[{"count":1,"href":"https:\/\/labestiapolitica.com.mx\/index.php?rest_route=\/wp\/v2\/posts\/66234\/revisions"}],"predecessor-version":[{"id":66236,"href":"https:\/\/labestiapolitica.com.mx\/index.php?rest_route=\/wp\/v2\/posts\/66234\/revisions\/66236"}],"wp:featuredmedia":[{"embeddable":true,"href":"https:\/\/labestiapolitica.com.mx\/index.php?rest_route=\/wp\/v2\/media\/66235"}],"wp:attachment":[{"href":"https:\/\/labestiapolitica.com.mx\/index.php?rest_route=%2Fwp%2Fv2%2Fmedia&parent=66234"}],"wp:term":[{"taxonomy":"category","embeddable":true,"href":"https:\/\/labestiapolitica.com.mx\/index.php?rest_route=%2Fwp%2Fv2%2Fcategories&post=66234"},{"taxonomy":"post_tag","embeddable":true,"href":"https:\/\/labestiapolitica.com.mx\/index.php?rest_route=%2Fwp%2Fv2%2Ftags&post=66234"}],"curies":[{"name":"wp","href":"https:\/\/api.w.org\/{rel}","templated":true}]}}