{"id":66240,"date":"2026-03-11T14:57:51","date_gmt":"2026-03-11T20:57:51","guid":{"rendered":"https:\/\/labestiapolitica.com.mx\/?p=66240"},"modified":"2026-03-11T14:57:51","modified_gmt":"2026-03-11T20:57:51","slug":"con-mas-territorio-y-menos-escritorio-el-gobierno-de-alfonso-sanchez-garcia-continua-con-acciones-para-rescatar-la-ciudad","status":"publish","type":"post","link":"https:\/\/labestiapolitica.com.mx\/?p=66240","title":{"rendered":"Con \u00abM\u00e1s Territorio y Menos Escritorio\u00bb el Gobierno de Alfonso S\u00e1nchez Garc\u00eda contin\u00faa con acciones para rescatar la ciudad."},"content":{"rendered":"<ul>\n<li style=\"text-align: justify;\">En esta ocasi\u00f3n se llevaron a cabo mejoras urbanas en Cuauhtelulpan, Tlapancalco y Ocotl\u00e1n<\/li>\n<\/ul>\n<p style=\"text-align: justify;\">El gobierno municipal que encabeza Alfonso S\u00e1nchez Garc\u00eda contin\u00faa con el fortalecimiento del trabajo en territorio a trav\u00e9s de la estrategia \u201cM\u00e1s territorio y menos escritorio\u201d, con el objetivo de rescatar la ciudad y mejorar las condiciones urbanas para la poblaci\u00f3n.<\/p>\n<p style=\"text-align: justify;\">Esta pol\u00edtica p\u00fablica prioriza la presencia directa de las autoridades en las comunidades, al escuchar de primera mano las necesidades ciudadanas y atender de manera inmediata las demandas relacionadas con servicios p\u00fablicos y mantenimiento urbano.<\/p>\n<p style=\"text-align: justify;\">Como parte de estas acciones, brigadas municipales realizaron trabajos de colocaci\u00f3n de pintura frente a la escuela primaria de la comunidad de San Lucas Cuauhtelulpan, a fin de contribuir a mejorar la seguridad vial para estudiantes, docentes y habitantes de la zona.<\/p>\n<p style=\"text-align: justify;\">Estas labores est\u00e1n encaminadas a ordenar la movilidad y fortalecer la infraestructura urbana en diferentes puntos del municipio.<\/p>\n<p style=\"text-align: justify;\">De igual manera, en la comunidad de Tlapancalco se llevaron a cabo los trabajos de terminaci\u00f3n de balizado en Cerrada Artistas 1 y Avenida Tlapancalco, acciones que permiten mejorar la circulaci\u00f3n vehicular y peatonal. A trav\u00e9s de estas intervenciones, el gobierno municipal refrenda su compromiso de ser un gobierno que escucha y resuelve, atendiendo las solicitudes ciudadanas para mantener espacios p\u00fablicos seguros y funcionales.<\/p>\n<p style=\"text-align: justify;\">Asimismo, en Ocotl\u00e1n, espec\u00edficamente en la calle Ezequiel M. Gracia de la colonia El Mirador, se continu\u00f3 la limpieza de guarniciones como paso previo a los trabajos de colocaci\u00f3n de pintura.<\/p>\n<p style=\"text-align: justify;\">Con estas labores, el gobierno de Alfonso S\u00e1nchez Garc\u00eda mantiene los \u00edndices de desarrollo urbano y avanza en la consolidaci\u00f3n de la Cuarta Transformaci\u00f3n, al impulsar acciones concretas que mejoran la imagen urbana y la calidad de vida de las familias.<\/p>\n","protected":false},"excerpt":{"rendered":"<p>En esta ocasi\u00f3n se llevaron a cabo mejoras urbanas en Cuauhtelulpan, Tlapancalco y Ocotl\u00e1n El gobierno municipal que encabeza Alfonso S\u00e1nchez Garc\u00eda contin\u00faa con el fortalecimiento del trabajo en territorio a trav\u00e9s de la estrategia \u201cM\u00e1s territorio y menos escritorio\u201d, con el objetivo de rescatar la ciudad y mejorar las condiciones urbanas para la poblaci\u00f3n. [&hellip;]<\/p>\n","protected":false},"author":5,"featured_media":66241,"comment_status":"open","ping_status":"open","sticky":false,"template":"","format":"standard","meta":{"footnotes":""},"categories":[216,214],"tags":[],"class_list":["post-66240","post","type-post","status-publish","format-standard","has-post-thumbnail","hentry","category-municipios","category-tlaxcala-capital"],"amp_enabled":true,"_links":{"self":[{"href":"https:\/\/labestiapolitica.com.mx\/index.php?rest_route=\/wp\/v2\/posts\/66240","targetHints":{"allow":["GET"]}}],"collection":[{"href":"https:\/\/labestiapolitica.com.mx\/index.php?rest_route=\/wp\/v2\/posts"}],"about":[{"href":"https:\/\/labestiapolitica.com.mx\/index.php?rest_route=\/wp\/v2\/types\/post"}],"author":[{"embeddable":true,"href":"https:\/\/labestiapolitica.com.mx\/index.php?rest_route=\/wp\/v2\/users\/5"}],"replies":[{"embeddable":true,"href":"https:\/\/labestiapolitica.com.mx\/index.php?rest_route=%2Fwp%2Fv2%2Fcomments&post=66240"}],"version-history":[{"count":1,"href":"https:\/\/labestiapolitica.com.mx\/index.php?rest_route=\/wp\/v2\/posts\/66240\/revisions"}],"predecessor-version":[{"id":66242,"href":"https:\/\/labestiapolitica.com.mx\/index.php?rest_route=\/wp\/v2\/posts\/66240\/revisions\/66242"}],"wp:featuredmedia":[{"embeddable":true,"href":"https:\/\/labestiapolitica.com.mx\/index.php?rest_route=\/wp\/v2\/media\/66241"}],"wp:attachment":[{"href":"https:\/\/labestiapolitica.com.mx\/index.php?rest_route=%2Fwp%2Fv2%2Fmedia&parent=66240"}],"wp:term":[{"taxonomy":"category","embeddable":true,"href":"https:\/\/labestiapolitica.com.mx\/index.php?rest_route=%2Fwp%2Fv2%2Fcategories&post=66240"},{"taxonomy":"post_tag","embeddable":true,"href":"https:\/\/labestiapolitica.com.mx\/index.php?rest_route=%2Fwp%2Fv2%2Ftags&post=66240"}],"curies":[{"name":"wp","href":"https:\/\/api.w.org\/{rel}","templated":true}]}}