{"id":66246,"date":"2026-03-11T15:03:29","date_gmt":"2026-03-11T21:03:29","guid":{"rendered":"https:\/\/labestiapolitica.com.mx\/?p=66246"},"modified":"2026-03-11T15:06:05","modified_gmt":"2026-03-11T21:06:05","slug":"entrego-cedht-cuadros-de-clasificacion-archivisticos-y-catalogo-de-disposicion-documental-al-archivo-general-e-historico-de-tlaxcala","status":"publish","type":"post","link":"https:\/\/labestiapolitica.com.mx\/?p=66246","title":{"rendered":"Entreg\u00f3 CEDHT Cuadros de clasificaci\u00f3n archiv\u00edsticos y Cat\u00e1logo de disposici\u00f3n documental al Archivo General e Hist\u00f3rico de Tlaxcala."},"content":{"rendered":"<p style=\"text-align: justify;\"><em>Ambas instituciones firmaron convenio de colaboraci\u00f3n <\/em><\/p>\n<p style=\"text-align: justify;\">La presidenta de la Comisi\u00f3n Estatal de Derechos Humanos de Tlaxcala (CEDHT), Jakqueline Ordo\u00f1ez Brasdefer, entreg\u00f3 al Archivo General e Hist\u00f3rico de Tlaxcala (AGHET) la Validaci\u00f3n del Cuadro General de Clasificaci\u00f3n Archiv\u00edstica y el Cat\u00e1logo de Disposici\u00f3n Documental del organismo aut\u00f3nomo, siendo el primer sujeto obligado en todo el estado en cumplir con lo establecido por la Ley General de Archivos y la Ley Estatal de Archivos.<\/p>\n<p style=\"text-align: justify;\">Asimismo, firm\u00f3 un convenio de colaboraci\u00f3n con el AGHET, dirigido por Mayra V\u00e1zquez Vel\u00e1zquez, para reforzar la transparencia y la correcta gesti\u00f3n de los archivos, as\u00ed como trabajar en materia de capacitaci\u00f3n con enfoque de derechos humanos para personas servidoras p\u00fablicas.<\/p>\n<p style=\"text-align: justify;\">El cumplimiento de estas disposiciones legales en materia de archivos es parte de la consolidaci\u00f3n de la gesti\u00f3n documental y archiv\u00edstica en la CEDHT, trabajo que cont\u00f3 con el acompa\u00f1amiento, asesor\u00eda y capacitaci\u00f3n del AGHET.<\/p>\n<p style=\"text-align: justify;\">De esta manera se logr\u00f3 la adecuada administraci\u00f3n documental, promoviendo una correcta ejecuci\u00f3n estrat\u00e9gica y operacional de las funciones comunes y sustantivas, que han logrado consolidar un enfoque integral hacia la gesti\u00f3n documental y archiv\u00edstica en nuestra instituci\u00f3n.<\/p>\n<p style=\"text-align: justify;\">En materia archiv\u00edstica, la CEDHT ha dado seguimiento a la elaboraci\u00f3n de las reglas de operaci\u00f3n del Grupo Interdisciplinario interno, se dio seguimiento a los inventarios dentro del archivo de concentraci\u00f3n y se particip\u00f3 en capacitaciones archiv\u00edsticas virtuales y\/o presenciales por invitaci\u00f3n del Archivo General e Hist\u00f3rico del Estado de Tlaxcala.<\/p>\n<p style=\"text-align: justify;\">Asimismo, se realiz\u00f3 traslado de archiveros y documentos a la nueva instalaci\u00f3n que brinda mayor seguridad en el resguardo de documentos y se dio mantenimiento preventivo en las instalaciones del archivo de concentraci\u00f3n a efecto de un correcto resguardo.<\/p>\n<p style=\"text-align: justify;\">Por estas acciones tambi\u00e9n se obtuvo un reconocimiento por las buenas pr\u00e1cticas, llevadas a cabo dentro del Archivo de Concentraci\u00f3n de la CEDHT, por parte del Archivo General e Hist\u00f3rico del Estado.<\/p>\n","protected":false},"excerpt":{"rendered":"<p>Ambas instituciones firmaron convenio de colaboraci\u00f3n La presidenta de la Comisi\u00f3n Estatal de Derechos Humanos de Tlaxcala (CEDHT), Jakqueline Ordo\u00f1ez Brasdefer, entreg\u00f3 al Archivo General e Hist\u00f3rico de Tlaxcala (AGHET) la Validaci\u00f3n del Cuadro General de Clasificaci\u00f3n Archiv\u00edstica y el Cat\u00e1logo de Disposici\u00f3n Documental del organismo aut\u00f3nomo, siendo el primer sujeto obligado en todo el [&hellip;]<\/p>\n","protected":false},"author":5,"featured_media":66253,"comment_status":"open","ping_status":"open","sticky":false,"template":"","format":"standard","meta":{"footnotes":""},"categories":[232],"tags":[],"class_list":["post-66246","post","type-post","status-publish","format-standard","has-post-thumbnail","hentry","category-derechos-humanos-tlaxcala"],"amp_enabled":true,"_links":{"self":[{"href":"https:\/\/labestiapolitica.com.mx\/index.php?rest_route=\/wp\/v2\/posts\/66246","targetHints":{"allow":["GET"]}}],"collection":[{"href":"https:\/\/labestiapolitica.com.mx\/index.php?rest_route=\/wp\/v2\/posts"}],"about":[{"href":"https:\/\/labestiapolitica.com.mx\/index.php?rest_route=\/wp\/v2\/types\/post"}],"author":[{"embeddable":true,"href":"https:\/\/labestiapolitica.com.mx\/index.php?rest_route=\/wp\/v2\/users\/5"}],"replies":[{"embeddable":true,"href":"https:\/\/labestiapolitica.com.mx\/index.php?rest_route=%2Fwp%2Fv2%2Fcomments&post=66246"}],"version-history":[{"count":1,"href":"https:\/\/labestiapolitica.com.mx\/index.php?rest_route=\/wp\/v2\/posts\/66246\/revisions"}],"predecessor-version":[{"id":66251,"href":"https:\/\/labestiapolitica.com.mx\/index.php?rest_route=\/wp\/v2\/posts\/66246\/revisions\/66251"}],"wp:featuredmedia":[{"embeddable":true,"href":"https:\/\/labestiapolitica.com.mx\/index.php?rest_route=\/wp\/v2\/media\/66253"}],"wp:attachment":[{"href":"https:\/\/labestiapolitica.com.mx\/index.php?rest_route=%2Fwp%2Fv2%2Fmedia&parent=66246"}],"wp:term":[{"taxonomy":"category","embeddable":true,"href":"https:\/\/labestiapolitica.com.mx\/index.php?rest_route=%2Fwp%2Fv2%2Fcategories&post=66246"},{"taxonomy":"post_tag","embeddable":true,"href":"https:\/\/labestiapolitica.com.mx\/index.php?rest_route=%2Fwp%2Fv2%2Ftags&post=66246"}],"curies":[{"name":"wp","href":"https:\/\/api.w.org\/{rel}","templated":true}]}}