{"id":66260,"date":"2026-03-11T15:35:40","date_gmt":"2026-03-11T21:35:40","guid":{"rendered":"https:\/\/labestiapolitica.com.mx\/?p=66260"},"modified":"2026-03-11T15:35:40","modified_gmt":"2026-03-11T21:35:40","slug":"tlaxcala-fortalece-presencia-textil-en-la-feria-internacional-exintex-2026-en-puebla","status":"publish","type":"post","link":"https:\/\/labestiapolitica.com.mx\/?p=66260","title":{"rendered":"Tlaxcala fortalece presencia textil en la Feria Internacional Exintex 2026 en Puebla."},"content":{"rendered":"<p style=\"text-align: justify;\"><em>Demian M\u00e1rquez<\/em> | Con la participaci\u00f3n de empresas y dise\u00f1adores locales, el estado de Tlaxcala forma parte de la Feria Internacional Exintex 2026, que se desarrolla del 10 al 13 de marzo en Puebla, uno de los encuentros m\u00e1s importantes del sector textil en Am\u00e9rica Latina.<\/p>\n<p style=\"text-align: justify;\">En representaci\u00f3n del gobierno estatal acudi\u00f3 el secretario de Desarrollo Econ\u00f3mico, Javier Marroqu\u00edn Calder\u00f3n, quien destac\u00f3 la importancia de impulsar la proyecci\u00f3n de la industria local y abrir nuevas oportunidades de negocio.<\/p>\n<p style=\"text-align: justify;\">Dentro del llamado \u201cPabell\u00f3n Tlaxcala\u201d participan 24 representantes del sector, entre ellos 16 empresas y ocho dise\u00f1adores que presentan propuestas innovadoras, textiles y productos de confecci\u00f3n ante compradores y visitantes nacionales e internacionales.<\/p>\n<p style=\"text-align: justify;\">La presencia de la entidad busca consolidar v\u00ednculos comerciales y posicionar el talento creativo del estado en el mercado.<\/p>\n<p style=\"text-align: justify;\">Durante la inauguraci\u00f3n del evento, el secretario de Econom\u00eda federal, Marcelo Ebrard Casaub\u00f3n, subray\u00f3 que la industria textil es estrat\u00e9gica para el pa\u00eds, por lo que el gobierno impulsa pol\u00edticas para fortalecer la producci\u00f3n nacional, incentivar la innovaci\u00f3n y proteger el contenido hecho en M\u00e9xico frente a importaciones que compiten de forma desleal.<\/p>\n<p style=\"text-align: justify;\">Como parte de la promoci\u00f3n cultural y gastron\u00f3mica, el pabell\u00f3n estatal tambi\u00e9n incluye la degustaci\u00f3n \u201cCon Sabor a Tlaxcala\u201d, donde emprendedores presentan productos tradicionales como cacao, pulque, pan de fiesta, helados artesanales y tacos de canasta, con el objetivo de mostrar la riqueza culinaria del estado y complementar la experiencia de quienes visitan este escaparate internacional.<\/p>\n","protected":false},"excerpt":{"rendered":"<p>Demian M\u00e1rquez | Con la participaci\u00f3n de empresas y dise\u00f1adores locales, el estado de Tlaxcala forma parte de la Feria Internacional Exintex 2026, que se desarrolla del 10 al 13 de marzo en Puebla, uno de los encuentros m\u00e1s importantes del sector textil en Am\u00e9rica Latina. En representaci\u00f3n del gobierno estatal acudi\u00f3 el secretario de [&hellip;]<\/p>\n","protected":false},"author":5,"featured_media":66265,"comment_status":"open","ping_status":"open","sticky":false,"template":"","format":"standard","meta":{"footnotes":""},"categories":[3,7],"tags":[],"class_list":["post-66260","post","type-post","status-publish","format-standard","has-post-thumbnail","hentry","category-8-columnas","category-ciudadanos"],"amp_enabled":true,"_links":{"self":[{"href":"https:\/\/labestiapolitica.com.mx\/index.php?rest_route=\/wp\/v2\/posts\/66260","targetHints":{"allow":["GET"]}}],"collection":[{"href":"https:\/\/labestiapolitica.com.mx\/index.php?rest_route=\/wp\/v2\/posts"}],"about":[{"href":"https:\/\/labestiapolitica.com.mx\/index.php?rest_route=\/wp\/v2\/types\/post"}],"author":[{"embeddable":true,"href":"https:\/\/labestiapolitica.com.mx\/index.php?rest_route=\/wp\/v2\/users\/5"}],"replies":[{"embeddable":true,"href":"https:\/\/labestiapolitica.com.mx\/index.php?rest_route=%2Fwp%2Fv2%2Fcomments&post=66260"}],"version-history":[{"count":1,"href":"https:\/\/labestiapolitica.com.mx\/index.php?rest_route=\/wp\/v2\/posts\/66260\/revisions"}],"predecessor-version":[{"id":66266,"href":"https:\/\/labestiapolitica.com.mx\/index.php?rest_route=\/wp\/v2\/posts\/66260\/revisions\/66266"}],"wp:featuredmedia":[{"embeddable":true,"href":"https:\/\/labestiapolitica.com.mx\/index.php?rest_route=\/wp\/v2\/media\/66265"}],"wp:attachment":[{"href":"https:\/\/labestiapolitica.com.mx\/index.php?rest_route=%2Fwp%2Fv2%2Fmedia&parent=66260"}],"wp:term":[{"taxonomy":"category","embeddable":true,"href":"https:\/\/labestiapolitica.com.mx\/index.php?rest_route=%2Fwp%2Fv2%2Fcategories&post=66260"},{"taxonomy":"post_tag","embeddable":true,"href":"https:\/\/labestiapolitica.com.mx\/index.php?rest_route=%2Fwp%2Fv2%2Ftags&post=66260"}],"curies":[{"name":"wp","href":"https:\/\/api.w.org\/{rel}","templated":true}]}}