{"id":66272,"date":"2026-03-11T15:58:05","date_gmt":"2026-03-11T21:58:05","guid":{"rendered":"https:\/\/labestiapolitica.com.mx\/?p=66272"},"modified":"2026-03-11T15:58:05","modified_gmt":"2026-03-11T21:58:05","slug":"pendiente-la-apertura-del-polo-de-desarrollo-sedeco","status":"publish","type":"post","link":"https:\/\/labestiapolitica.com.mx\/?p=66272","title":{"rendered":"Pendiente la apertura del Polo de Desarrollo: Sedeco."},"content":{"rendered":"<p style=\"text-align: justify;\"><em>Demian M\u00e1rquez<\/em> | El titular de la Secretar\u00eda de Desarrollo Econ\u00f3mico de Tlaxcala, Javier Marroqu\u00edn Calder\u00f3n, afirm\u00f3 que el estado cuenta con las condiciones para mantener una participaci\u00f3n s\u00f3lida en la Feria Internacional Exintex, luego de que autoridades de Puebla plantearan que este encuentro empresarial se realice cada a\u00f1o y no de manera bianual.<\/p>\n<p style=\"text-align: justify;\">Se\u00f1al\u00f3 que el respaldo al sector textil en esta edici\u00f3n refleja el trabajo conjunto entre el gobierno estatal y la iniciativa privada.<\/p>\n<p style=\"text-align: justify;\">El funcionario destac\u00f3 que la presencia de empresas y dise\u00f1adores tlaxcaltecas en este foro es resultado del impulso que ha recibido la industria local por instrucciones de la gobernadora Lorena Cu\u00e9llar Cisneros, con el objetivo de fortalecer la competitividad y ampliar las oportunidades comerciales para el sector.<\/p>\n<p style=\"text-align: justify;\">En otro tema, Marroqu\u00edn Calder\u00f3n inform\u00f3 que ya sostuvo di\u00e1logo con el secretario de Econom\u00eda federal, Marcelo Ebrard Casaub\u00f3n, sobre la pr\u00f3xima inauguraci\u00f3n del Polo de Desarrollo en Tlaxcala.<\/p>\n<p style=\"text-align: justify;\">Adelant\u00f3 que el funcionario federal sostendr\u00e1 una reuni\u00f3n con la presidenta Claudia Sheinbaum Pardo para definir la coordinaci\u00f3n y fecha de apertura de este proyecto estrat\u00e9gico.<\/p>\n<p style=\"text-align: justify;\">Explic\u00f3 que el complejo ya cuenta con siete empresas confirmadas de sectores como bebidas, embalaje, automotriz, qu\u00edmico y log\u00edstica, por lo que el espacio se encuentra totalmente ocupado.<\/p>\n<p style=\"text-align: justify;\">La inversi\u00f3n estimada asciende a 540 millones de d\u00f3lares, con la expectativa de generar alrededor de cinco mil empleos directos e indirectos, mientras que, respecto a la negociaci\u00f3n del T-MEC, asegur\u00f3 que se trabaja en coordinaci\u00f3n con el gobierno federal para prevenir posibles impactos en la econom\u00eda estatal.<\/p>\n","protected":false},"excerpt":{"rendered":"<p>Demian M\u00e1rquez | El titular de la Secretar\u00eda de Desarrollo Econ\u00f3mico de Tlaxcala, Javier Marroqu\u00edn Calder\u00f3n, afirm\u00f3 que el estado cuenta con las condiciones para mantener una participaci\u00f3n s\u00f3lida en la Feria Internacional Exintex, luego de que autoridades de Puebla plantearan que este encuentro empresarial se realice cada a\u00f1o y no de manera bianual. Se\u00f1al\u00f3 [&hellip;]<\/p>\n","protected":false},"author":5,"featured_media":66273,"comment_status":"open","ping_status":"open","sticky":false,"template":"","format":"standard","meta":{"footnotes":""},"categories":[3,256],"tags":[],"class_list":["post-66272","post","type-post","status-publish","format-standard","has-post-thumbnail","hentry","category-8-columnas","category-economia"],"amp_enabled":true,"_links":{"self":[{"href":"https:\/\/labestiapolitica.com.mx\/index.php?rest_route=\/wp\/v2\/posts\/66272","targetHints":{"allow":["GET"]}}],"collection":[{"href":"https:\/\/labestiapolitica.com.mx\/index.php?rest_route=\/wp\/v2\/posts"}],"about":[{"href":"https:\/\/labestiapolitica.com.mx\/index.php?rest_route=\/wp\/v2\/types\/post"}],"author":[{"embeddable":true,"href":"https:\/\/labestiapolitica.com.mx\/index.php?rest_route=\/wp\/v2\/users\/5"}],"replies":[{"embeddable":true,"href":"https:\/\/labestiapolitica.com.mx\/index.php?rest_route=%2Fwp%2Fv2%2Fcomments&post=66272"}],"version-history":[{"count":1,"href":"https:\/\/labestiapolitica.com.mx\/index.php?rest_route=\/wp\/v2\/posts\/66272\/revisions"}],"predecessor-version":[{"id":66274,"href":"https:\/\/labestiapolitica.com.mx\/index.php?rest_route=\/wp\/v2\/posts\/66272\/revisions\/66274"}],"wp:featuredmedia":[{"embeddable":true,"href":"https:\/\/labestiapolitica.com.mx\/index.php?rest_route=\/wp\/v2\/media\/66273"}],"wp:attachment":[{"href":"https:\/\/labestiapolitica.com.mx\/index.php?rest_route=%2Fwp%2Fv2%2Fmedia&parent=66272"}],"wp:term":[{"taxonomy":"category","embeddable":true,"href":"https:\/\/labestiapolitica.com.mx\/index.php?rest_route=%2Fwp%2Fv2%2Fcategories&post=66272"},{"taxonomy":"post_tag","embeddable":true,"href":"https:\/\/labestiapolitica.com.mx\/index.php?rest_route=%2Fwp%2Fv2%2Ftags&post=66272"}],"curies":[{"name":"wp","href":"https:\/\/api.w.org\/{rel}","templated":true}]}}