{"id":66275,"date":"2026-03-11T16:24:25","date_gmt":"2026-03-11T22:24:25","guid":{"rendered":"https:\/\/labestiapolitica.com.mx\/?p=66275"},"modified":"2026-03-11T16:24:25","modified_gmt":"2026-03-11T22:24:25","slug":"realizan-jornada-de-canje-de-armas-por-la-paz-en-san-pablo-del-monte","status":"publish","type":"post","link":"https:\/\/labestiapolitica.com.mx\/?p=66275","title":{"rendered":"Realizan jornada de Canje de Armas por la Paz en San Pablo del Monte."},"content":{"rendered":"<p class=\"isSelectedEnd\" style=\"text-align: justify;\">El Ayuntamiento de San Pablo del Monte, en coordinaci\u00f3n con la 23 Zona Militar, el Secretariado Ejecutivo del Sistema Estatal de Seguridad P\u00fablica (SESESP) y el \u00e1rea de Prevenci\u00f3n del Delito, realiz\u00f3 una jornada de <strong>Canje de Armas por la Paz<\/strong> en la Presidencia Municipal, con el objetivo de fomentar la cultura de paz y reducir riesgos dentro de los hogares.<\/p>\n<p class=\"isSelectedEnd\" style=\"text-align: justify;\">Durante esta actividad, las y los ciudadanos tuvieron la oportunidad de entregar de manera voluntaria armas de fuego y cartuchos a cambio de incentivos, contribuyendo as\u00ed a la seguridad de la comunidad.<\/p>\n<p class=\"isSelectedEnd\" style=\"text-align: justify;\">Como parte de la jornada tambi\u00e9n se llev\u00f3 a cabo el <strong>intercambio de juguetes b\u00e9licos por juguetes did\u00e1cticos<\/strong>, con el prop\u00f3sito de promover entre ni\u00f1as y ni\u00f1os valores de convivencia, respeto y resoluci\u00f3n pac\u00edfica de conflictos.<\/p>\n<p style=\"text-align: justify;\">Como resultado de esta iniciativa se recibieron <strong>50 cartuchos \u00fatiles, un arma larga, un arma corta y cuatro juguetes b\u00e9licos<\/strong>.<\/p>\n","protected":false},"excerpt":{"rendered":"<p>El Ayuntamiento de San Pablo del Monte, en coordinaci\u00f3n con la 23 Zona Militar, el Secretariado Ejecutivo del Sistema Estatal de Seguridad P\u00fablica (SESESP) y el \u00e1rea de Prevenci\u00f3n del Delito, realiz\u00f3 una jornada de Canje de Armas por la Paz en la Presidencia Municipal, con el objetivo de fomentar la cultura de paz y [&hellip;]<\/p>\n","protected":false},"author":5,"featured_media":66279,"comment_status":"open","ping_status":"open","sticky":false,"template":"","format":"standard","meta":{"footnotes":""},"categories":[216,223],"tags":[],"class_list":["post-66275","post","type-post","status-publish","format-standard","has-post-thumbnail","hentry","category-municipios","category-san-pablo-del-monte"],"amp_enabled":true,"_links":{"self":[{"href":"https:\/\/labestiapolitica.com.mx\/index.php?rest_route=\/wp\/v2\/posts\/66275","targetHints":{"allow":["GET"]}}],"collection":[{"href":"https:\/\/labestiapolitica.com.mx\/index.php?rest_route=\/wp\/v2\/posts"}],"about":[{"href":"https:\/\/labestiapolitica.com.mx\/index.php?rest_route=\/wp\/v2\/types\/post"}],"author":[{"embeddable":true,"href":"https:\/\/labestiapolitica.com.mx\/index.php?rest_route=\/wp\/v2\/users\/5"}],"replies":[{"embeddable":true,"href":"https:\/\/labestiapolitica.com.mx\/index.php?rest_route=%2Fwp%2Fv2%2Fcomments&post=66275"}],"version-history":[{"count":1,"href":"https:\/\/labestiapolitica.com.mx\/index.php?rest_route=\/wp\/v2\/posts\/66275\/revisions"}],"predecessor-version":[{"id":66280,"href":"https:\/\/labestiapolitica.com.mx\/index.php?rest_route=\/wp\/v2\/posts\/66275\/revisions\/66280"}],"wp:featuredmedia":[{"embeddable":true,"href":"https:\/\/labestiapolitica.com.mx\/index.php?rest_route=\/wp\/v2\/media\/66279"}],"wp:attachment":[{"href":"https:\/\/labestiapolitica.com.mx\/index.php?rest_route=%2Fwp%2Fv2%2Fmedia&parent=66275"}],"wp:term":[{"taxonomy":"category","embeddable":true,"href":"https:\/\/labestiapolitica.com.mx\/index.php?rest_route=%2Fwp%2Fv2%2Fcategories&post=66275"},{"taxonomy":"post_tag","embeddable":true,"href":"https:\/\/labestiapolitica.com.mx\/index.php?rest_route=%2Fwp%2Fv2%2Ftags&post=66275"}],"curies":[{"name":"wp","href":"https:\/\/api.w.org\/{rel}","templated":true}]}}