{"id":66284,"date":"2026-03-11T16:37:25","date_gmt":"2026-03-11T22:37:25","guid":{"rendered":"https:\/\/labestiapolitica.com.mx\/?p=66284"},"modified":"2026-03-11T16:37:25","modified_gmt":"2026-03-11T22:37:25","slug":"atencion-productores-y-productoras-de-zacatelco","status":"publish","type":"post","link":"https:\/\/labestiapolitica.com.mx\/?p=66284","title":{"rendered":"Atenci\u00f3n productores y productoras de Zacatelco."},"content":{"rendered":"<p class=\"isSelectedEnd\" style=\"text-align: justify;\">El Gobierno Municipal de Zacatelco informa que del <strong>12 de marzo al 10 de abril de 2026<\/strong> se llevar\u00e1 a cabo el <strong>Censo Agropecuario<\/strong>, realizado por la Direcci\u00f3n de Impulso Agropecuario.<\/p>\n<p class=\"isSelectedEnd\" style=\"text-align: justify;\">Este censo es muy importante para conocer la situaci\u00f3n actual del campo en nuestro municipio y as\u00ed poder gestionar mejores apoyos, programas y proyectos para el sector agropecuario.<\/p>\n<p class=\"isSelectedEnd\" style=\"text-align: justify;\">Si eres productor o productora del municipio, cuando el personal autorizado te visite, te pedimos brindar la informaci\u00f3n necesaria para completar el censo.<\/p>\n<p class=\"isSelectedEnd\" style=\"text-align: justify;\">Con tu participaci\u00f3n podremos fortalecer el desarrollo del campo en Zacatelco.<\/p>\n<p style=\"text-align: justify;\"><strong>Tu apoyo es fundamental para lograrlo.<\/strong><\/p>\n","protected":false},"excerpt":{"rendered":"<p>El Gobierno Municipal de Zacatelco informa que del 12 de marzo al 10 de abril de 2026 se llevar\u00e1 a cabo el Censo Agropecuario, realizado por la Direcci\u00f3n de Impulso Agropecuario. Este censo es muy importante para conocer la situaci\u00f3n actual del campo en nuestro municipio y as\u00ed poder gestionar mejores apoyos, programas y proyectos [&hellip;]<\/p>\n","protected":false},"author":5,"featured_media":66285,"comment_status":"open","ping_status":"open","sticky":false,"template":"","format":"standard","meta":{"footnotes":""},"categories":[216,217],"tags":[],"class_list":["post-66284","post","type-post","status-publish","format-standard","has-post-thumbnail","hentry","category-municipios","category-zacatelco"],"amp_enabled":true,"_links":{"self":[{"href":"https:\/\/labestiapolitica.com.mx\/index.php?rest_route=\/wp\/v2\/posts\/66284","targetHints":{"allow":["GET"]}}],"collection":[{"href":"https:\/\/labestiapolitica.com.mx\/index.php?rest_route=\/wp\/v2\/posts"}],"about":[{"href":"https:\/\/labestiapolitica.com.mx\/index.php?rest_route=\/wp\/v2\/types\/post"}],"author":[{"embeddable":true,"href":"https:\/\/labestiapolitica.com.mx\/index.php?rest_route=\/wp\/v2\/users\/5"}],"replies":[{"embeddable":true,"href":"https:\/\/labestiapolitica.com.mx\/index.php?rest_route=%2Fwp%2Fv2%2Fcomments&post=66284"}],"version-history":[{"count":1,"href":"https:\/\/labestiapolitica.com.mx\/index.php?rest_route=\/wp\/v2\/posts\/66284\/revisions"}],"predecessor-version":[{"id":66286,"href":"https:\/\/labestiapolitica.com.mx\/index.php?rest_route=\/wp\/v2\/posts\/66284\/revisions\/66286"}],"wp:featuredmedia":[{"embeddable":true,"href":"https:\/\/labestiapolitica.com.mx\/index.php?rest_route=\/wp\/v2\/media\/66285"}],"wp:attachment":[{"href":"https:\/\/labestiapolitica.com.mx\/index.php?rest_route=%2Fwp%2Fv2%2Fmedia&parent=66284"}],"wp:term":[{"taxonomy":"category","embeddable":true,"href":"https:\/\/labestiapolitica.com.mx\/index.php?rest_route=%2Fwp%2Fv2%2Fcategories&post=66284"},{"taxonomy":"post_tag","embeddable":true,"href":"https:\/\/labestiapolitica.com.mx\/index.php?rest_route=%2Fwp%2Fv2%2Ftags&post=66284"}],"curies":[{"name":"wp","href":"https:\/\/api.w.org\/{rel}","templated":true}]}}