{"id":66287,"date":"2026-03-11T16:42:17","date_gmt":"2026-03-11T22:42:17","guid":{"rendered":"https:\/\/labestiapolitica.com.mx\/?p=66287"},"modified":"2026-03-11T16:42:17","modified_gmt":"2026-03-11T22:42:17","slug":"emprendedores-zacatelquenses-reciben-equipamiento-para-impulsar-el-autoempleo","status":"publish","type":"post","link":"https:\/\/labestiapolitica.com.mx\/?p=66287","title":{"rendered":"Emprendedores zacatelquenses reciben equipamiento para impulsar el autoempleo."},"content":{"rendered":"<p class=\"isSelectedEnd\" style=\"text-align: justify;\">Este martes 11 de marzo, gracias al trabajo coordinado entre el Gobierno del Estado, la Secretar\u00eda de Trabajo y Competitividad y la Coordinaci\u00f3n de Emprendimiento, emprendedores de Zacatelco recibieron equipamiento que les permitir\u00e1 fortalecer sus proyectos y generar autoempleo.<\/p>\n<p class=\"isSelectedEnd\" style=\"text-align: justify;\">El presidente municipal, Jos\u00e9 Miguel Acatzi Luna, destac\u00f3 la importancia de continuar apoyando a las y los emprendedores mediante acciones que permitan que sus proyectos crezcan, se consoliden y contribuyan al desarrollo econ\u00f3mico de sus familias y del municipio.<\/p>\n<p style=\"text-align: justify;\">Con estas acciones, el Gobierno Municipal contin\u00faa trabajando de la mano con la ciudadan\u00eda para generar oportunidades y fortalecer el desarrollo de Zacatelco.<\/p>\n","protected":false},"excerpt":{"rendered":"<p>Este martes 11 de marzo, gracias al trabajo coordinado entre el Gobierno del Estado, la Secretar\u00eda de Trabajo y Competitividad y la Coordinaci\u00f3n de Emprendimiento, emprendedores de Zacatelco recibieron equipamiento que les permitir\u00e1 fortalecer sus proyectos y generar autoempleo. El presidente municipal, Jos\u00e9 Miguel Acatzi Luna, destac\u00f3 la importancia de continuar apoyando a las y [&hellip;]<\/p>\n","protected":false},"author":5,"featured_media":66288,"comment_status":"open","ping_status":"open","sticky":false,"template":"","format":"standard","meta":{"footnotes":""},"categories":[216,217],"tags":[],"class_list":["post-66287","post","type-post","status-publish","format-standard","has-post-thumbnail","hentry","category-municipios","category-zacatelco"],"amp_enabled":true,"_links":{"self":[{"href":"https:\/\/labestiapolitica.com.mx\/index.php?rest_route=\/wp\/v2\/posts\/66287","targetHints":{"allow":["GET"]}}],"collection":[{"href":"https:\/\/labestiapolitica.com.mx\/index.php?rest_route=\/wp\/v2\/posts"}],"about":[{"href":"https:\/\/labestiapolitica.com.mx\/index.php?rest_route=\/wp\/v2\/types\/post"}],"author":[{"embeddable":true,"href":"https:\/\/labestiapolitica.com.mx\/index.php?rest_route=\/wp\/v2\/users\/5"}],"replies":[{"embeddable":true,"href":"https:\/\/labestiapolitica.com.mx\/index.php?rest_route=%2Fwp%2Fv2%2Fcomments&post=66287"}],"version-history":[{"count":1,"href":"https:\/\/labestiapolitica.com.mx\/index.php?rest_route=\/wp\/v2\/posts\/66287\/revisions"}],"predecessor-version":[{"id":66289,"href":"https:\/\/labestiapolitica.com.mx\/index.php?rest_route=\/wp\/v2\/posts\/66287\/revisions\/66289"}],"wp:featuredmedia":[{"embeddable":true,"href":"https:\/\/labestiapolitica.com.mx\/index.php?rest_route=\/wp\/v2\/media\/66288"}],"wp:attachment":[{"href":"https:\/\/labestiapolitica.com.mx\/index.php?rest_route=%2Fwp%2Fv2%2Fmedia&parent=66287"}],"wp:term":[{"taxonomy":"category","embeddable":true,"href":"https:\/\/labestiapolitica.com.mx\/index.php?rest_route=%2Fwp%2Fv2%2Fcategories&post=66287"},{"taxonomy":"post_tag","embeddable":true,"href":"https:\/\/labestiapolitica.com.mx\/index.php?rest_route=%2Fwp%2Fv2%2Ftags&post=66287"}],"curies":[{"name":"wp","href":"https:\/\/api.w.org\/{rel}","templated":true}]}}