{"id":66290,"date":"2026-03-11T16:44:10","date_gmt":"2026-03-11T22:44:10","guid":{"rendered":"https:\/\/labestiapolitica.com.mx\/?p=66290"},"modified":"2026-03-11T16:45:21","modified_gmt":"2026-03-11T22:45:21","slug":"fabricio-mena-califica-de-falsa-su-presunta-relacion-con-caso-del-matrimonio-poblano","status":"publish","type":"post","link":"https:\/\/labestiapolitica.com.mx\/?p=66290","title":{"rendered":"Fabricio Mena califica de \u201cfalsa\u201d su presunta relaci\u00f3n con caso del matrimonio poblano."},"content":{"rendered":"<p style=\"text-align: justify;\"><em>Mariana LOVERA<\/em> | El titular de la Secretar\u00eda de Turismo (Secture) del estado, Fabricio Mena Rodr\u00edguez, desminti\u00f3 categ\u00f3ricamente cualquier v\u00ednculo con la propiedad que, seg\u00fan versiones difundidas en redes y medios, habr\u00eda sido utilizada para coaccionar a Alexandro y Karina N., la pareja originaria de Puebla que presuntamente fue asesinada en territorio tlaxcalteca.<\/p>\n<p style=\"text-align: justify;\">En breve entrevista colectiva, el funcionario asegur\u00f3 que las afirmaciones que lo se\u00f1alan como propietario del inmueble donde los ahora occisos fueron llevados carecen de sustento. \u201cEs totalmente falso, no tengo nada que ver con esa casa ni con los hechos\u201d, enfatiz\u00f3.<\/p>\n<p style=\"text-align: justify;\">Mena Rodr\u00edguez se\u00f1al\u00f3 que en caso de ser requerido, acudir\u00e1 sin reparos a declarar. \u201cSi las autoridades me citan, no tengo inconveniente en comparecer y aclarar cualquier cosa\u201d, subray\u00f3.<\/p>\n<p style=\"text-align: justify;\">El se\u00f1alamiento p\u00fablico surgi\u00f3 luego de que se diera a conocer la geolocalizaci\u00f3n del matrimonio en Tlaxcala previo a su asesinato, as\u00ed como la direcci\u00f3n particular donde presuntamente los responsables los interceptaron. Ante la versi\u00f3n que ligaba ese domicilio a Mena Rodr\u00edguez, el secretario sali\u00f3 al paso para deslindarse.<\/p>\n","protected":false},"excerpt":{"rendered":"<p>Mariana LOVERA | El titular de la Secretar\u00eda de Turismo (Secture) del estado, Fabricio Mena Rodr\u00edguez, desminti\u00f3 categ\u00f3ricamente cualquier v\u00ednculo con la propiedad que, seg\u00fan versiones difundidas en redes y medios, habr\u00eda sido utilizada para coaccionar a Alexandro y Karina N., la pareja originaria de Puebla que presuntamente fue asesinada en territorio tlaxcalteca. En breve [&hellip;]<\/p>\n","protected":false},"author":6,"featured_media":66291,"comment_status":"open","ping_status":"open","sticky":false,"template":"","format":"standard","meta":{"footnotes":""},"categories":[3,12],"tags":[],"class_list":["post-66290","post","type-post","status-publish","format-standard","has-post-thumbnail","hentry","category-8-columnas","category-brujula-2026"],"amp_enabled":true,"_links":{"self":[{"href":"https:\/\/labestiapolitica.com.mx\/index.php?rest_route=\/wp\/v2\/posts\/66290","targetHints":{"allow":["GET"]}}],"collection":[{"href":"https:\/\/labestiapolitica.com.mx\/index.php?rest_route=\/wp\/v2\/posts"}],"about":[{"href":"https:\/\/labestiapolitica.com.mx\/index.php?rest_route=\/wp\/v2\/types\/post"}],"author":[{"embeddable":true,"href":"https:\/\/labestiapolitica.com.mx\/index.php?rest_route=\/wp\/v2\/users\/6"}],"replies":[{"embeddable":true,"href":"https:\/\/labestiapolitica.com.mx\/index.php?rest_route=%2Fwp%2Fv2%2Fcomments&post=66290"}],"version-history":[{"count":2,"href":"https:\/\/labestiapolitica.com.mx\/index.php?rest_route=\/wp\/v2\/posts\/66290\/revisions"}],"predecessor-version":[{"id":66294,"href":"https:\/\/labestiapolitica.com.mx\/index.php?rest_route=\/wp\/v2\/posts\/66290\/revisions\/66294"}],"wp:featuredmedia":[{"embeddable":true,"href":"https:\/\/labestiapolitica.com.mx\/index.php?rest_route=\/wp\/v2\/media\/66291"}],"wp:attachment":[{"href":"https:\/\/labestiapolitica.com.mx\/index.php?rest_route=%2Fwp%2Fv2%2Fmedia&parent=66290"}],"wp:term":[{"taxonomy":"category","embeddable":true,"href":"https:\/\/labestiapolitica.com.mx\/index.php?rest_route=%2Fwp%2Fv2%2Fcategories&post=66290"},{"taxonomy":"post_tag","embeddable":true,"href":"https:\/\/labestiapolitica.com.mx\/index.php?rest_route=%2Fwp%2Fv2%2Ftags&post=66290"}],"curies":[{"name":"wp","href":"https:\/\/api.w.org\/{rel}","templated":true}]}}