{"id":66300,"date":"2026-03-11T14:00:36","date_gmt":"2026-03-11T20:00:36","guid":{"rendered":"https:\/\/labestiapolitica.com.mx\/?p=66300"},"modified":"2026-03-11T16:57:14","modified_gmt":"2026-03-11T22:57:14","slug":"rechazan-en-la-camara-de-diputados-la-reforma-electoral-de-sheinbaum","status":"publish","type":"post","link":"https:\/\/labestiapolitica.com.mx\/?p=66300","title":{"rendered":"Rechazan en la C\u00e1mara de Diputados la reforma electoral de Sheinbaum"},"content":{"rendered":"<p style=\"text-align: justify;\">Sin discusi\u00f3n, el Pleno de la C\u00e1mara de Diputados concret\u00f3 el fracaso de la Reforma Electoral propuesta por la presidenta Claudia Sheinbaum con la que buscaba la restituci\u00f3n de un sistema pol\u00edtico de partido hegem\u00f3nico.<\/p>\n<p style=\"text-align: justify;\">La iniciativa fue desechada por 234 votos a favor y 259 en contra del PT, PVEM, PRI, PAN y Movimientos Ciudadano (MC) y una abstenci\u00f3n por la propuesta que buscaba una nueva restituci\u00f3n del Congreso con la eliminaci\u00f3n de la Lista Nacional de Plurinominales y la elecci\u00f3n de los mismos en la C\u00e1mara de Diputados.<\/p>\n<p style=\"text-align: justify;\">Durante la sesi\u00f3n, s\u00f3lo los coordinadores parlamentarios de los partidos fijaron su postura por la reforma tambi\u00e9n buscaba establecer una nueva f\u00f3rmula de financiamiento p\u00fablico para reducir los montos anuales destinados a las actividades de los partidos pol\u00edticos.<\/p>\n<p style=\"text-align: justify;\">Tambi\u00e9n buscaba que todas las aportaciones privadas a partidos pol\u00edticos deber\u00e1n realizarse por personas f\u00edsicas mexicanas y, atendiendo a las normas de debida diligencia e identificaci\u00f3n, no podr\u00e1n hacerse aportaciones en efectivo, por lo que las aportaciones privadas deben ser v\u00eda transferencia electr\u00f3nica o instrumentos bancarios.<\/p>\n<p>FUENTE: LA JORNADA<\/p>\n","protected":false},"excerpt":{"rendered":"<p>Sin discusi\u00f3n, el Pleno de la C\u00e1mara de Diputados concret\u00f3 el fracaso de la Reforma Electoral propuesta por la presidenta Claudia Sheinbaum con la que buscaba la restituci\u00f3n de un sistema pol\u00edtico de partido hegem\u00f3nico. La iniciativa fue desechada por 234 votos a favor y 259 en contra del PT, PVEM, PRI, PAN y Movimientos [&hellip;]<\/p>\n","protected":false},"author":3,"featured_media":66303,"comment_status":"open","ping_status":"open","sticky":false,"template":"","format":"standard","meta":{"footnotes":""},"categories":[3,229,10],"tags":[],"class_list":["post-66300","post","type-post","status-publish","format-standard","has-post-thumbnail","hentry","category-8-columnas","category-camara-de-diputados","category-nacional-e-internacional"],"amp_enabled":true,"_links":{"self":[{"href":"https:\/\/labestiapolitica.com.mx\/index.php?rest_route=\/wp\/v2\/posts\/66300","targetHints":{"allow":["GET"]}}],"collection":[{"href":"https:\/\/labestiapolitica.com.mx\/index.php?rest_route=\/wp\/v2\/posts"}],"about":[{"href":"https:\/\/labestiapolitica.com.mx\/index.php?rest_route=\/wp\/v2\/types\/post"}],"author":[{"embeddable":true,"href":"https:\/\/labestiapolitica.com.mx\/index.php?rest_route=\/wp\/v2\/users\/3"}],"replies":[{"embeddable":true,"href":"https:\/\/labestiapolitica.com.mx\/index.php?rest_route=%2Fwp%2Fv2%2Fcomments&post=66300"}],"version-history":[{"count":1,"href":"https:\/\/labestiapolitica.com.mx\/index.php?rest_route=\/wp\/v2\/posts\/66300\/revisions"}],"predecessor-version":[{"id":66304,"href":"https:\/\/labestiapolitica.com.mx\/index.php?rest_route=\/wp\/v2\/posts\/66300\/revisions\/66304"}],"wp:featuredmedia":[{"embeddable":true,"href":"https:\/\/labestiapolitica.com.mx\/index.php?rest_route=\/wp\/v2\/media\/66303"}],"wp:attachment":[{"href":"https:\/\/labestiapolitica.com.mx\/index.php?rest_route=%2Fwp%2Fv2%2Fmedia&parent=66300"}],"wp:term":[{"taxonomy":"category","embeddable":true,"href":"https:\/\/labestiapolitica.com.mx\/index.php?rest_route=%2Fwp%2Fv2%2Fcategories&post=66300"},{"taxonomy":"post_tag","embeddable":true,"href":"https:\/\/labestiapolitica.com.mx\/index.php?rest_route=%2Fwp%2Fv2%2Ftags&post=66300"}],"curies":[{"name":"wp","href":"https:\/\/api.w.org\/{rel}","templated":true}]}}