{"id":66310,"date":"2026-03-11T17:04:28","date_gmt":"2026-03-11T23:04:28","guid":{"rendered":"https:\/\/labestiapolitica.com.mx\/?p=66310"},"modified":"2026-03-11T17:04:28","modified_gmt":"2026-03-11T23:04:28","slug":"libro-sobre-sanchez-anaya-representa-una-historia-de-aprendizaje-de-ejemplo-y-de-valores-que-se-transmiten-entre-generaciones-alfonso-sanchez-garcia","status":"publish","type":"post","link":"https:\/\/labestiapolitica.com.mx\/?p=66310","title":{"rendered":"Libro sobre S\u00e1nchez Anaya representa una historia de aprendizaje, de ejemplo y de valores que se transmiten entre generaciones: Alfonso S\u00e1nchez Garc\u00eda."},"content":{"rendered":"<p style=\"text-align: justify;\">En el marco de la presentaci\u00f3n del libro que documenta la administraci\u00f3n del exgobernador Alfonso S\u00e1nchez Anaya, el presidente municipal de Tlaxcala, Alfonso S\u00e1nchez Garc\u00eda, afirm\u00f3 que la obra representa una historia de aprendizaje, de ejemplo y de valores que se transmiten entre generaciones.<\/p>\n<p style=\"text-align: justify;\">Durante el evento, que tuvo como sede el Teatro Xicoht\u00e9ncatl, al que asistieron autoridades estatales, legisladores, integrantes del Poder Judicial y representantes de distintos sectores, el alcalde destac\u00f3 la importancia de preservar la memoria pol\u00edtica del estado con esta obra.<\/p>\n<p style=\"text-align: justify;\">En su mensaje, Alfonso S\u00e1nchez Garc\u00eda subray\u00f3 que el libro recoge uno de los momentos m\u00e1s significativos en la historia reciente de Tlaxcala, y que es el cambio pol\u00edtico registrado en 1999, cuando la ciudadan\u00eda eligi\u00f3 el primer gobierno de izquierda en la entidad.<\/p>\n<p style=\"text-align: justify;\">\u201cPara m\u00ed este libro tiene un significado personal, porque m\u00e1s all\u00e1 de la vida p\u00fablica, este libro representa una historia de aprendizaje\u2026Hoy celebramos la memoria, el ejemplo y el legado. Celebramos a un hombre en el que Tlaxcala crey\u00f3\u201d, enfatiz\u00f3.<\/p>\n<p>Adem\u00e1s, se\u00f1al\u00f3 que ese momento marc\u00f3 una nueva forma de ejercer el servicio p\u00fablico, basada en escuchar a la poblaci\u00f3n y colocar en el centro de las decisiones a quienes por a\u00f1os no hab\u00edan sido tomados en cuenta.<\/p>\n<p style=\"text-align: justify;\">El alcalde se\u00f1al\u00f3 que este libro rescata un cap\u00edtulo importante de la vida de Tlaxcala y tambi\u00e9n busca inspirar a las nuevas generaciones a entender la pol\u00edtica como un servicio con principios y compromiso social.<\/p>\n<p style=\"text-align: justify;\">El exgobernador Alfonso S\u00e1nchez Anaya estuvo presente en el evento, pero fue a trav\u00e9s de un video \u2014ante su imposibilidad f\u00edsica de hablar por cuestiones de salud\u2014 que agradeci\u00f3 a la gobernadora Lorena Cu\u00e9llar Cisneros por impulsar este proyecto editorial que permite dejar testimonio de las gestiones que han conducido el rumbo del estado.<\/p>\n<p>Luego, el exmandatario tambi\u00e9n expres\u00f3 una satisfacci\u00f3n personal al ver que su hijo, el alcalde Alfonso S\u00e1nchez Garc\u00eda, contin\u00faa con una forma de gobernar basada en la cercan\u00eda con la poblaci\u00f3n, el compromiso social y el servicio p\u00fablico.<\/p>\n<p style=\"text-align: justify;\">En su oportunidad, la Secretaria de Cultura, Karen \u00c1lvarez Villeda, enfatiz\u00f3 que la presentaci\u00f3n del libro \u00abAlfonso S\u00e1nchez Anaya: Tlaxcala, un mejor lugar para vivir\u00bb, destaca la importancia de la memoria pol\u00edtica y cultural del estado de Tlaxcala.<\/p>\n<p style=\"text-align: justify;\">Adem\u00e1s, subray\u00f3 que esta obra es el segundo volumen de la colecci\u00f3n \u00abGobernadores\u00bb, una iniciativa del fondo editorial de la Secretar\u00eda de Cultura estatal que busca documentar las decisiones y el legado de quienes han dirigido la entidad. La primera edici\u00f3n de la colecci\u00f3n \u201cGobernadores\u201d estuvo dedicada al exgobernador Tulio Hern\u00e1ndez.<\/p>\n<p>En su oportunidad, el autor del libro Enrique Ezeta, relata su transici\u00f3n de ser un compa\u00f1ero de estudios en veterinaria a convertirse en colaborador cercano y bi\u00f3grafo de Alfonso S\u00e1nchez Anaya. Destac\u00f3 que su obra busca sintetizar la trayectoria de un pol\u00edtico con un profundo sentido social.<\/p>\n<p style=\"text-align: justify;\">Pablo Caba\u00f1as D\u00edaz, comentarista del libro, expuso la importancia del gobierno de Alfonso S\u00e1nchez Anaya en los \u00e1mbitos social, econ\u00f3mico, pero sobre todo, dijo, marc\u00f3 un antes y despu\u00e9s en la pol\u00edtica de la entidad.<\/p>\n<p style=\"text-align: justify;\">Durante este evento tambi\u00e9n estuvieron presentes alcaldes, funcionarios estatales, ex colaboradores y familiares de Alfonso S\u00e1nchez Anaya, as\u00ed como servidores p\u00fablicos del Ayuntamiento de Tlaxcala y p\u00fablico en general.<\/p>\n","protected":false},"excerpt":{"rendered":"<p>En el marco de la presentaci\u00f3n del libro que documenta la administraci\u00f3n del exgobernador Alfonso S\u00e1nchez Anaya, el presidente municipal de Tlaxcala, Alfonso S\u00e1nchez Garc\u00eda, afirm\u00f3 que la obra representa una historia de aprendizaje, de ejemplo y de valores que se transmiten entre generaciones. Durante el evento, que tuvo como sede el Teatro Xicoht\u00e9ncatl, al [&hellip;]<\/p>\n","protected":false},"author":5,"featured_media":66311,"comment_status":"open","ping_status":"open","sticky":false,"template":"","format":"standard","meta":{"footnotes":""},"categories":[216,214],"tags":[],"class_list":["post-66310","post","type-post","status-publish","format-standard","has-post-thumbnail","hentry","category-municipios","category-tlaxcala-capital"],"amp_enabled":true,"_links":{"self":[{"href":"https:\/\/labestiapolitica.com.mx\/index.php?rest_route=\/wp\/v2\/posts\/66310","targetHints":{"allow":["GET"]}}],"collection":[{"href":"https:\/\/labestiapolitica.com.mx\/index.php?rest_route=\/wp\/v2\/posts"}],"about":[{"href":"https:\/\/labestiapolitica.com.mx\/index.php?rest_route=\/wp\/v2\/types\/post"}],"author":[{"embeddable":true,"href":"https:\/\/labestiapolitica.com.mx\/index.php?rest_route=\/wp\/v2\/users\/5"}],"replies":[{"embeddable":true,"href":"https:\/\/labestiapolitica.com.mx\/index.php?rest_route=%2Fwp%2Fv2%2Fcomments&post=66310"}],"version-history":[{"count":1,"href":"https:\/\/labestiapolitica.com.mx\/index.php?rest_route=\/wp\/v2\/posts\/66310\/revisions"}],"predecessor-version":[{"id":66312,"href":"https:\/\/labestiapolitica.com.mx\/index.php?rest_route=\/wp\/v2\/posts\/66310\/revisions\/66312"}],"wp:featuredmedia":[{"embeddable":true,"href":"https:\/\/labestiapolitica.com.mx\/index.php?rest_route=\/wp\/v2\/media\/66311"}],"wp:attachment":[{"href":"https:\/\/labestiapolitica.com.mx\/index.php?rest_route=%2Fwp%2Fv2%2Fmedia&parent=66310"}],"wp:term":[{"taxonomy":"category","embeddable":true,"href":"https:\/\/labestiapolitica.com.mx\/index.php?rest_route=%2Fwp%2Fv2%2Fcategories&post=66310"},{"taxonomy":"post_tag","embeddable":true,"href":"https:\/\/labestiapolitica.com.mx\/index.php?rest_route=%2Fwp%2Fv2%2Ftags&post=66310"}],"curies":[{"name":"wp","href":"https:\/\/api.w.org\/{rel}","templated":true}]}}