{"id":66315,"date":"2026-03-11T19:01:59","date_gmt":"2026-03-12T01:01:59","guid":{"rendered":"https:\/\/labestiapolitica.com.mx\/?p=66315"},"modified":"2026-03-11T19:18:16","modified_gmt":"2026-03-12T01:18:16","slug":"libro-rescata-la-vida-politica-de-alfonso-sanchez-anaya-y-su-legado-en-la-transformacion-de-tlaxcala","status":"publish","type":"post","link":"https:\/\/labestiapolitica.com.mx\/?p=66315","title":{"rendered":"De los campos al poder en Tlaxcala: libro rescata el legado pol\u00edtico de Alfonso S\u00e1nchez Anaya y la transici\u00f3n"},"content":{"rendered":"<article class=\"text-token-text-primary w-full focus:outline-none [--shadow-height:45px] has-data-writing-block:pointer-events-none has-data-writing-block:-mt-(--shadow-height) has-data-writing-block:pt-(--shadow-height) [&amp;:has([data-writing-block])&gt;*]:pointer-events-auto scroll-mt-(--header-height)\" dir=\"auto\" tabindex=\"-1\" data-turn-id=\"4d3bc58c-bbc2-44a3-b332-6974276504ce\" data-testid=\"conversation-turn-1\" data-scroll-anchor=\"false\" data-turn=\"user\">\n<div class=\"text-base my-auto mx-auto pt-3 [--thread-content-margin:var(--thread-content-margin-xs,calc(var(--spacing)*4))] @w-sm\/main:[--thread-content-margin:var(--thread-content-margin-sm,calc(var(--spacing)*6))] @w-lg\/main:[--thread-content-margin:var(--thread-content-margin-lg,calc(var(--spacing)*16))] px-(--thread-content-margin)\">\n<div class=\"[--thread-content-max-width:40rem] @w-lg\/main:[--thread-content-max-width:48rem] mx-auto max-w-(--thread-content-max-width) flex-1 group\/turn-messages focus-visible:outline-hidden relative flex w-full min-w-0 flex-col\" tabindex=\"-1\">\n<div class=\"flex max-w-full flex-col gap-4 grow\">\n<div class=\"min-h-8 text-message relative flex w-full flex-col items-end gap-2 text-start break-words whitespace-normal [.text-message+&amp;]:mt-1\" dir=\"auto\" data-message-author-role=\"user\" data-message-id=\"4d3bc58c-bbc2-44a3-b332-6974276504ce\">\n<div>Consulta la obra completa aqu\u00ed:\u00a0 <a href=\"https:\/\/labestiapolitica.com.mx\/wp-content\/uploads\/2026\/03\/ASA-interiores-lectura3.pdf\">ASA-interiores-lectura3<\/a><\/div>\n<div class=\"flex w-full flex-col gap-1 empty:hidden items-end rtl:items-start\">\n<div><\/div>\n<\/div>\n<\/div>\n<\/div>\n<\/div>\n<div>\n<p style=\"text-align: justify;\" data-start=\"359\" data-end=\"697\">La historia pol\u00edtica de Tlaxcala y uno de sus momentos m\u00e1s importantes de transici\u00f3n democr\u00e1tica quedaron plasmados en el libro <strong data-start=\"487\" data-end=\"551\">\u201cAlfonso S\u00e1nchez Anaya: Tlaxcala, un mejor lugar para vivir\u201d<\/strong>, una obra que recupera la trayectoria personal y pol\u00edtica del exgobernador y analiza el impacto de su administraci\u00f3n en el desarrollo del estado.<\/p>\n<p style=\"text-align: justify;\" data-start=\"699\" data-end=\"917\">El texto recorre la vida del pol\u00edtico tlaxcalteca desde sus or\u00edgenes en el campo hasta su llegada al gobierno estatal en 1999, en un contexto en el que M\u00e9xico atravesaba profundas transformaciones pol\u00edticas y sociales.<\/p>\n<p style=\"text-align: justify;\" data-start=\"919\" data-end=\"1155\">M\u00e1s que narrar un periodo de gobierno, el libro se presenta como un testimonio sobre la evoluci\u00f3n del sistema pol\u00edtico en Tlaxcala y la construcci\u00f3n de nuevas formas de gobernar basadas en la participaci\u00f3n ciudadana y el di\u00e1logo social.<\/p>\n<h3 style=\"text-align: justify;\" data-section-id=\"1op4i92\" data-start=\"1157\" data-end=\"1210\">De los campos tlaxcaltecas al gobierno del estado.<\/h3>\n<p style=\"text-align: justify;\" data-start=\"1212\" data-end=\"1491\">La obra inicia con un retrato del origen social de Alfonso S\u00e1nchez Anaya, quien creci\u00f3 en un entorno rural marcado por el trabajo agr\u00edcola y ganadero. Ese contacto directo con la vida del campo influy\u00f3 profundamente en su visi\u00f3n social y en su compromiso con el servicio p\u00fablico.<\/p>\n<p style=\"text-align: justify;\" data-start=\"1493\" data-end=\"1686\">Durante su infancia convivi\u00f3 con campesinos y productores rurales, lo que le permiti\u00f3 conocer de primera mano las carencias econ\u00f3micas y los retos que enfrentaban muchas comunidades del estado.<\/p>\n<p style=\"text-align: justify;\" data-start=\"1688\" data-end=\"2039\">Posteriormente curs\u00f3 la carrera de <strong data-start=\"1723\" data-end=\"1805\">Medicina Veterinaria y Zootecnia en la Universidad Nacional Aut\u00f3noma de M\u00e9xico<\/strong>, una formaci\u00f3n vinculada con el desarrollo rural y el bienestar del sector agropecuario. Estas experiencias marcaron el inicio de una trayectoria que con el tiempo lo llevar\u00eda a participar activamente en la vida pol\u00edtica de Tlaxcala.<\/p>\n<h3 style=\"text-align: justify;\" data-section-id=\"1wgcwrn\" data-start=\"2041\" data-end=\"2084\">El contexto pol\u00edtico de una nueva etapa.<\/h3>\n<p style=\"text-align: justify;\" data-start=\"2086\" data-end=\"2223\">El libro sit\u00faa la llegada de S\u00e1nchez Anaya al gobierno en el marco de la transici\u00f3n democr\u00e1tica que viv\u00eda el pa\u00eds a finales del siglo XX.<\/p>\n<p style=\"text-align: justify;\" data-start=\"2225\" data-end=\"2425\">Durante d\u00e9cadas la pol\u00edtica mexicana estuvo dominada por un solo partido; sin embargo, a partir de los a\u00f1os noventa comenzaron a surgir gobiernos estatales encabezados por distintas fuerzas pol\u00edticas.<\/p>\n<p style=\"text-align: justify;\" data-start=\"2427\" data-end=\"2663\">En ese escenario, la elecci\u00f3n de Alfonso S\u00e1nchez Anaya en 1999 represent\u00f3 un hecho hist\u00f3rico para Tlaxcala: su triunfo signific\u00f3 la llegada del <strong data-start=\"2571\" data-end=\"2616\">primer gobierno de izquierda en el estado<\/strong> y la consolidaci\u00f3n de la alternancia pol\u00edtica.<\/p>\n<p style=\"text-align: justify;\" data-start=\"2665\" data-end=\"2817\">La nueva administraci\u00f3n despert\u00f3 expectativas entre la poblaci\u00f3n, que demandaba un gobierno m\u00e1s cercano a la ciudadan\u00eda y con mayor sensibilidad social.<\/p>\n<h3 style=\"text-align: justify;\" data-section-id=\"1kgup5a\" data-start=\"2819\" data-end=\"2858\">Un gobierno cercano a la ciudadan\u00eda.<\/h3>\n<p style=\"text-align: justify;\" data-start=\"2860\" data-end=\"3180\">Uno de los aspectos que destaca la obra es la estrategia de acercar el gobierno a la poblaci\u00f3n. Entre las acciones m\u00e1s representativas estuvieron las <strong data-start=\"3010\" data-end=\"3033\">audiencias p\u00fablicas<\/strong>, un mecanismo mediante el cual el gobernador atend\u00eda directamente a los ciudadanos para escuchar sus demandas y buscar soluciones a sus problemas.<\/p>\n<p style=\"text-align: justify;\" data-start=\"3182\" data-end=\"3392\">Durante su administraci\u00f3n se realizaron miles de audiencias, lo que permiti\u00f3 establecer una relaci\u00f3n directa entre la autoridad y la sociedad, rompiendo con la distancia tradicional entre gobierno y ciudadan\u00eda.<\/p>\n<p style=\"text-align: justify;\" data-start=\"3394\" data-end=\"3678\">El libro tambi\u00e9n describe diversas pol\u00edticas p\u00fablicas impulsadas durante su gesti\u00f3n, orientadas a fortalecer el crecimiento econ\u00f3mico, mejorar la infraestructura carretera, ampliar los servicios de salud y educaci\u00f3n, promover el desarrollo industrial y respaldar al campo tlaxcalteca.<\/p>\n<p style=\"text-align: justify;\" data-start=\"3680\" data-end=\"3867\">En ese periodo se desarrollaron proyectos de infraestructura, programas sociales y estrategias para atraer inversiones y generar empleo, lo que contribuy\u00f3 a dinamizar la econom\u00eda estatal.<\/p>\n<h3 style=\"text-align: justify;\" data-section-id=\"tibsai\" data-start=\"3869\" data-end=\"3910\">Participaci\u00f3n en la pol\u00edtica nacional.<\/h3>\n<p style=\"text-align: justify;\" data-start=\"3912\" data-end=\"4271\">La obra tambi\u00e9n resalta la participaci\u00f3n de S\u00e1nchez Anaya en procesos pol\u00edticos de alcance nacional. Uno de los episodios m\u00e1s relevantes fue su papel en la creaci\u00f3n de la <strong data-start=\"4083\" data-end=\"4132\">Conferencia Nacional de Gobernadores (CONAGO)<\/strong>, un organismo que fortaleci\u00f3 la coordinaci\u00f3n entre los gobiernos estatales y permiti\u00f3 defender los intereses de las entidades federativas.<\/p>\n<p style=\"text-align: justify;\" data-start=\"4273\" data-end=\"4380\">La conformaci\u00f3n de la CONAGO represent\u00f3 un paso importante en el fortalecimiento del federalismo en M\u00e9xico.<\/p>\n<h3 style=\"text-align: justify;\" data-section-id=\"1jgiysc\" data-start=\"4382\" data-end=\"4425\">Retos en un contexto de cambio pol\u00edtico.<\/h3>\n<p style=\"text-align: justify;\" data-start=\"4427\" data-end=\"4532\">El libro tambi\u00e9n aborda los desaf\u00edos que enfrent\u00f3 su administraci\u00f3n en un momento de transici\u00f3n pol\u00edtica.<\/p>\n<p style=\"text-align: justify;\" data-start=\"4534\" data-end=\"4757\">Gobernar en un contexto de pluralidad partidista implic\u00f3 construir acuerdos, mantener la estabilidad pol\u00edtica y establecer nuevos mecanismos de di\u00e1logo entre los poderes p\u00fablicos, los partidos pol\u00edticos y la sociedad civil.<\/p>\n<p style=\"text-align: justify;\" data-start=\"4759\" data-end=\"4976\">Entre los principales retos estuvieron responder a demandas sociales hist\u00f3ricas relacionadas con el desarrollo regional, la generaci\u00f3n de empleo y la reducci\u00f3n de las desigualdades entre comunidades urbanas y rurales.<\/p>\n<h3 style=\"text-align: justify;\" data-section-id=\"1811dup\" data-start=\"4978\" data-end=\"5027\">Impulso a las pol\u00edticas sociales y educativas.<\/h3>\n<p style=\"text-align: justify;\" data-start=\"5029\" data-end=\"5213\">Durante su sexenio se impulsaron programas orientados a ampliar la cobertura educativa, mejorar la infraestructura escolar y fortalecer las oportunidades de formaci\u00f3n para los j\u00f3venes.<\/p>\n<p style=\"text-align: justify;\" data-start=\"5215\" data-end=\"5400\">En el \u00e1mbito social se promovieron acciones destinadas a mejorar las condiciones de vida de las familias tlaxcaltecas, particularmente en comunidades con mayores \u00edndices de marginaci\u00f3n.<\/p>\n<p style=\"text-align: justify;\" data-start=\"5402\" data-end=\"5531\">Estas pol\u00edticas buscaron fortalecer el tejido social y ampliar el acceso a servicios b\u00e1sicos como salud, vivienda y alimentaci\u00f3n.<\/p>\n<h3 style=\"text-align: justify;\" data-section-id=\"yasddt\" data-start=\"5533\" data-end=\"5571\">Una memoria pol\u00edtica para Tlaxcala.<\/h3>\n<p style=\"text-align: justify;\" data-start=\"5573\" data-end=\"5789\">Antes de llegar a la gubernatura, Alfonso S\u00e1nchez Anaya desarroll\u00f3 una trayectoria pol\u00edtica vinculada al sector agropecuario y al desarrollo rural, \u00e1mbitos en los que su formaci\u00f3n profesional tuvo un papel relevante.<\/p>\n<p style=\"text-align: justify;\" data-start=\"5791\" data-end=\"6044\">Con el paso de los a\u00f1os consolid\u00f3 una visi\u00f3n pol\u00edtica centrada en la justicia social, la equidad regional y el fortalecimiento de las instituciones democr\u00e1ticas, participando en movimientos que impulsaron la apertura pol\u00edtica y la pluralidad en el pa\u00eds.<\/p>\n<p style=\"text-align: justify;\" data-start=\"6046\" data-end=\"6259\">Tras concluir su periodo como gobernador, continu\u00f3 participando en espacios de an\u00e1lisis y debate p\u00fablico sobre el desarrollo regional, el federalismo y la consolidaci\u00f3n de las instituciones democr\u00e1ticas en M\u00e9xico.<\/p>\n<h3 style=\"text-align: justify;\" data-section-id=\"138fbkd\" data-start=\"6261\" data-end=\"6286\">Un legado de gobierno.<\/h3>\n<p style=\"text-align: justify;\" data-start=\"6288\" data-end=\"6459\">A m\u00e1s de dos d\u00e9cadas del inicio de su administraci\u00f3n, el libro propone una reflexi\u00f3n sobre el impacto pol\u00edtico y social de su gobierno en la historia reciente de Tlaxcala.<\/p>\n<p style=\"text-align: justify;\" data-start=\"6461\" data-end=\"6689\">Su gesti\u00f3n marc\u00f3 una etapa caracterizada por la consolidaci\u00f3n de la alternancia democr\u00e1tica, la modernizaci\u00f3n de la infraestructura estatal, la ampliaci\u00f3n de programas sociales y el fortalecimiento de la participaci\u00f3n ciudadana.<\/p>\n<p style=\"text-align: justify;\" data-start=\"6691\" data-end=\"6909\">La obra concluye con una idea central: el verdadero legado de un gobierno no se mide \u00fanicamente por las obras materiales, sino tambi\u00e9n por su capacidad de fortalecer las instituciones y mejorar la vida de las personas.<\/p>\n<p style=\"text-align: justify;\" data-start=\"6911\" data-end=\"7112\">A trav\u00e9s de testimonios, entrevistas y an\u00e1lisis, el libro ofrece una visi\u00f3n amplia de la vida y el pensamiento de Alfonso S\u00e1nchez Anaya, as\u00ed como del contexto pol\u00edtico y social que defini\u00f3 su gobierno.<\/p>\n<\/div>\n<div class=\"[--thread-content-max-width:40rem] @w-lg\/main:[--thread-content-max-width:48rem] mx-auto max-w-(--thread-content-max-width) flex-1 group\/turn-messages focus-visible:outline-hidden relative flex w-full min-w-0 flex-col\" style=\"text-align: justify;\" tabindex=\"-1\">\n<div class=\"flex max-w-full flex-col gap-4 grow\">\n<div class=\"min-h-8 text-message relative flex w-full flex-col items-end gap-2 text-start break-words whitespace-normal [.text-message+&amp;]:mt-1\" dir=\"auto\" data-message-author-role=\"user\" data-message-id=\"4d3bc58c-bbc2-44a3-b332-6974276504ce\">\n<div class=\"flex w-full flex-col gap-1 empty:hidden items-end rtl:items-start\"><\/div>\n<\/div>\n<\/div>\n<\/div>\n<\/div>\n<\/article>\n<article class=\"text-token-text-primary w-full focus:outline-none [--shadow-height:45px] has-data-writing-block:pointer-events-none has-data-writing-block:-mt-(--shadow-height) has-data-writing-block:pt-(--shadow-height) [&amp;:has([data-writing-block])&gt;*]:pointer-events-auto scroll-mt-[calc(var(--header-height)+min(200px,max(70px,20svh)))]\" dir=\"auto\" tabindex=\"-1\" data-turn-id=\"request-WEB:607255cf-bf67-4b47-ad1e-f597c158584c-4\" data-testid=\"conversation-turn-2\" data-scroll-anchor=\"true\" data-turn=\"assistant\">\n<div class=\"text-base my-auto mx-auto pb-10 [--thread-content-margin:var(--thread-content-margin-xs,calc(var(--spacing)*4))] @w-sm\/main:[--thread-content-margin:var(--thread-content-margin-sm,calc(var(--spacing)*6))] @w-lg\/main:[--thread-content-margin:var(--thread-content-margin-lg,calc(var(--spacing)*16))] px-(--thread-content-margin)\">\n<div class=\"[--thread-content-max-width:40rem] @w-lg\/main:[--thread-content-max-width:48rem] mx-auto max-w-(--thread-content-max-width) flex-1 group\/turn-messages focus-visible:outline-hidden relative flex w-full min-w-0 flex-col agent-turn\" tabindex=\"-1\">\n<div class=\"flex max-w-full flex-col gap-4 grow\">\n<div class=\"min-h-8 text-message relative flex w-full flex-col items-end gap-2 text-start break-words whitespace-normal [.text-message+&amp;]:mt-1\" dir=\"auto\" data-message-author-role=\"assistant\" data-message-id=\"0aa586c5-a13b-4711-a30c-fba26d685ebb\" data-message-model-slug=\"gpt-5-3\">\n<div class=\"flex w-full flex-col gap-1 empty:hidden\">\n<div class=\"markdown prose dark:prose-invert w-full wrap-break-word dark markdown-new-styling\">\n<div style=\"text-align: justify;\"><\/div>\n<\/div>\n<\/div>\n<\/div>\n<\/div>\n<\/div>\n<\/div>\n<\/article>\n","protected":false},"excerpt":{"rendered":"<p>Consulta la obra completa aqu\u00ed:\u00a0 ASA-interiores-lectura3 La historia pol\u00edtica de Tlaxcala y uno de sus momentos m\u00e1s importantes de transici\u00f3n democr\u00e1tica quedaron plasmados en el libro \u201cAlfonso S\u00e1nchez Anaya: Tlaxcala, un mejor lugar para vivir\u201d, una obra que recupera la trayectoria personal y pol\u00edtica del exgobernador y analiza el impacto de su administraci\u00f3n en el [&hellip;]<\/p>\n","protected":false},"author":3,"featured_media":66352,"comment_status":"open","ping_status":"open","sticky":false,"template":"","format":"standard","meta":{"footnotes":""},"categories":[3],"tags":[],"class_list":["post-66315","post","type-post","status-publish","format-standard","has-post-thumbnail","hentry","category-8-columnas"],"amp_enabled":true,"_links":{"self":[{"href":"https:\/\/labestiapolitica.com.mx\/index.php?rest_route=\/wp\/v2\/posts\/66315","targetHints":{"allow":["GET"]}}],"collection":[{"href":"https:\/\/labestiapolitica.com.mx\/index.php?rest_route=\/wp\/v2\/posts"}],"about":[{"href":"https:\/\/labestiapolitica.com.mx\/index.php?rest_route=\/wp\/v2\/types\/post"}],"author":[{"embeddable":true,"href":"https:\/\/labestiapolitica.com.mx\/index.php?rest_route=\/wp\/v2\/users\/3"}],"replies":[{"embeddable":true,"href":"https:\/\/labestiapolitica.com.mx\/index.php?rest_route=%2Fwp%2Fv2%2Fcomments&post=66315"}],"version-history":[{"count":3,"href":"https:\/\/labestiapolitica.com.mx\/index.php?rest_route=\/wp\/v2\/posts\/66315\/revisions"}],"predecessor-version":[{"id":66351,"href":"https:\/\/labestiapolitica.com.mx\/index.php?rest_route=\/wp\/v2\/posts\/66315\/revisions\/66351"}],"wp:featuredmedia":[{"embeddable":true,"href":"https:\/\/labestiapolitica.com.mx\/index.php?rest_route=\/wp\/v2\/media\/66352"}],"wp:attachment":[{"href":"https:\/\/labestiapolitica.com.mx\/index.php?rest_route=%2Fwp%2Fv2%2Fmedia&parent=66315"}],"wp:term":[{"taxonomy":"category","embeddable":true,"href":"https:\/\/labestiapolitica.com.mx\/index.php?rest_route=%2Fwp%2Fv2%2Fcategories&post=66315"},{"taxonomy":"post_tag","embeddable":true,"href":"https:\/\/labestiapolitica.com.mx\/index.php?rest_route=%2Fwp%2Fv2%2Ftags&post=66315"}],"curies":[{"name":"wp","href":"https:\/\/api.w.org\/{rel}","templated":true}]}}