{"id":66336,"date":"2026-03-11T18:55:43","date_gmt":"2026-03-12T00:55:43","guid":{"rendered":"https:\/\/labestiapolitica.com.mx\/?p=66336"},"modified":"2026-03-11T18:55:43","modified_gmt":"2026-03-12T00:55:43","slug":"tlaxcala-y-puebla-deben-ser-el-epicentro-de-la-industria-textil-en-mexico-marcelo-ebrard","status":"publish","type":"post","link":"https:\/\/labestiapolitica.com.mx\/?p=66336","title":{"rendered":"Tlaxcala y Puebla deben ser el epicentro de la industria textil en M\u00e9xico: Marcelo Ebrard."},"content":{"rendered":"<ul>\n<li style=\"text-align: justify;\">Durante la EXINTEX 2026, Tlaxcala particip\u00f3 con la pasarela \u201cEnsamble\u201d, un escaparate del talento de ocho dise\u00f1adores del estado que fusionan tradici\u00f3n textil y dise\u00f1o contempor\u00e1neo<\/li>\n<\/ul>\n<p style=\"text-align: justify;\">El secretario de Econom\u00eda del Gobierno de M\u00e9xico, Marcelo Ebrard Casaub\u00f3n, afirm\u00f3 que Tlaxcala y Puebla deben consolidarse como el epicentro de la industria textil en el pa\u00eds, al destacar que ambos estados concentran capacidades industriales, experiencia productiva y una cadena de valor que puede posicionar a M\u00e9xico como un actor competitivo en los mercados internacionales.<\/p>\n<p style=\"text-align: justify;\">\u201cEsta regi\u00f3n tiene todo para convertirse en el epicentro de la industria textil en M\u00e9xico: historia productiva, capacidad industrial y talento para competir en los mercados internacionales\u201d, enfatiz\u00f3.<\/p>\n<p style=\"text-align: justify;\">Durante el segundo d\u00eda de la EXINTEX 2026, uno de los encuentros m\u00e1s importantes de la industria textil en Am\u00e9rica Latina, Marcelo Ebrad expres\u00f3 el respaldo del Gobierno de M\u00e9xico a la propuesta del estado de Puebla para este evento se consolide como una feria internacional anual, lo que permitir\u00eda atraer a empresas vinculadas con la moda, el dise\u00f1o y todos los procesos de la cadena textil, fortaleciendo as\u00ed la competitividad de la regi\u00f3n y posicion\u00e1ndola como un polo estrat\u00e9gico para esta industria a nivel nacional e internacional.<\/p>\n<p style=\"text-align: justify;\">El secretario de Econom\u00eda destac\u00f3 que la EXINTEX se proyectar\u00e1 a nivel internacional para atraer moda, dise\u00f1o e innovaci\u00f3n; expresi\u00f3n de la estrategia que impulsa la presidenta Claudia Sheinbaum Pardo para fortalecer la econom\u00eda nacional y proteger a esta industria clave.<\/p>\n<p style=\"text-align: justify;\">En tanto, el secretario de Desarrollo Econ\u00f3mico de Tlaxcala, Javier Marroqu\u00edn Calder\u00f3n, se\u00f1al\u00f3 que el sector textil en la entidad continuar\u00e1 participando y fortaleciendo este encuentro industrial y respald\u00f3 la propuesta de convertirlo en una feria anual.<\/p>\n<p style=\"text-align: justify;\">Destac\u00f3 que la industria textil ha recibido un importante impulso, por parte del Gobierno del Estado, y que ese apoyo se mantendr\u00e1 con el objetivo de abrir nuevos canales de comercializaci\u00f3n, fortalecer las ventas y ampliar las oportunidades de negocio para las empresas locales.<\/p>\n<p style=\"text-align: justify;\">\u201cEl sector textil y de la confecci\u00f3n es el tercer sector econ\u00f3mico m\u00e1s importante de Tlaxcala, al generar 13 mil 500 empleos formales y registrar 3 mil 618 unidades econ\u00f3micas\u201d, subray\u00f3.<\/p>\n<p style=\"text-align: justify;\">Por su parte, el presidente de la C\u00e1mara de la Industria Textil de Puebla y Tlaxcala, Gustavo Lezama Gonz\u00e1lez, destac\u00f3 que el compromiso del sector con la generaci\u00f3n de empleo, la innovaci\u00f3n tecnol\u00f3gica y el cuidado del medio ambiente orienta el trabajo permanente de la industria.<\/p>\n<p style=\"text-align: justify;\">Asimismo, anunci\u00f3 que en las pr\u00f3ximas semanas se firmar\u00e1 un convenio con el estado de Tlaxcala en materia de protecci\u00f3n ambiental, con el objetivo de impulsar pr\u00e1cticas m\u00e1s sostenibles dentro de la industria y reforzar la responsabilidad ambiental de las empresas textiles de la regi\u00f3n.<\/p>\n<p style=\"text-align: justify;\">Como parte de la participaci\u00f3n de Tlaxcala en EXINTEX 2026, el estado present\u00f3 la pasarela \u201cEnsamble\u201d, un desfile colectivo concebido como escaparate del talento creativo, la innovaci\u00f3n y la tradici\u00f3n textil tlaxcalteca dentro de uno de los encuentros m\u00e1s relevantes del sector en la regi\u00f3n.<\/p>\n<p style=\"text-align: justify;\">La pasarela reuni\u00f3 a ocho dise\u00f1adores tlaxcaltecas, quienes presentaron una propuesta que destaca el uso de fibras naturales, t\u00e9cnicas textiles y procesos creativos que transitan entre la tradici\u00f3n artesanal y el dise\u00f1o contempor\u00e1neo.<\/p>\n<p style=\"text-align: justify;\">Participan los dise\u00f1adores Antonio Guti\u00e9rrez, Carolina Fl\u00f3rez, Jaqueline Espa\u00f1a, Ignacio Netzahualc\u00f3yotl, Yudelka Huerta, as\u00ed como las marcas locales \u201cSanto Pecado\u201d, \u201cCoraz\u00f3n de Ocelote\u201d y \u201cDinnus\u201d, con piezas que reflejan la identidad cultural y el potencial creativo del estado.<\/p>\n<p style=\"text-align: justify;\">Con iniciativas como la pasarela \u201cEnsamble\u201d, Tlaxcala busca fortalecer a sus dise\u00f1adores, impulsar su crecimiento dentro de la industria de la moda y posicionar su talento creativo en los circuitos nacionales e internacionales, como parte de las acciones institucionales que promueven el valor cultural y econ\u00f3mico de la tradici\u00f3n textil de la entidad.<\/p>\n","protected":false},"excerpt":{"rendered":"<p>Durante la EXINTEX 2026, Tlaxcala particip\u00f3 con la pasarela \u201cEnsamble\u201d, un escaparate del talento de ocho dise\u00f1adores del estado que fusionan tradici\u00f3n textil y dise\u00f1o contempor\u00e1neo El secretario de Econom\u00eda del Gobierno de M\u00e9xico, Marcelo Ebrard Casaub\u00f3n, afirm\u00f3 que Tlaxcala y Puebla deben consolidarse como el epicentro de la industria textil en el pa\u00eds, al [&hellip;]<\/p>\n","protected":false},"author":5,"featured_media":66338,"comment_status":"open","ping_status":"open","sticky":false,"template":"","format":"standard","meta":{"footnotes":""},"categories":[7,236],"tags":[],"class_list":["post-66336","post","type-post","status-publish","format-standard","has-post-thumbnail","hentry","category-ciudadanos","category-gobierno-de-tlaxcala"],"amp_enabled":true,"_links":{"self":[{"href":"https:\/\/labestiapolitica.com.mx\/index.php?rest_route=\/wp\/v2\/posts\/66336","targetHints":{"allow":["GET"]}}],"collection":[{"href":"https:\/\/labestiapolitica.com.mx\/index.php?rest_route=\/wp\/v2\/posts"}],"about":[{"href":"https:\/\/labestiapolitica.com.mx\/index.php?rest_route=\/wp\/v2\/types\/post"}],"author":[{"embeddable":true,"href":"https:\/\/labestiapolitica.com.mx\/index.php?rest_route=\/wp\/v2\/users\/5"}],"replies":[{"embeddable":true,"href":"https:\/\/labestiapolitica.com.mx\/index.php?rest_route=%2Fwp%2Fv2%2Fcomments&post=66336"}],"version-history":[{"count":1,"href":"https:\/\/labestiapolitica.com.mx\/index.php?rest_route=\/wp\/v2\/posts\/66336\/revisions"}],"predecessor-version":[{"id":66339,"href":"https:\/\/labestiapolitica.com.mx\/index.php?rest_route=\/wp\/v2\/posts\/66336\/revisions\/66339"}],"wp:featuredmedia":[{"embeddable":true,"href":"https:\/\/labestiapolitica.com.mx\/index.php?rest_route=\/wp\/v2\/media\/66338"}],"wp:attachment":[{"href":"https:\/\/labestiapolitica.com.mx\/index.php?rest_route=%2Fwp%2Fv2%2Fmedia&parent=66336"}],"wp:term":[{"taxonomy":"category","embeddable":true,"href":"https:\/\/labestiapolitica.com.mx\/index.php?rest_route=%2Fwp%2Fv2%2Fcategories&post=66336"},{"taxonomy":"post_tag","embeddable":true,"href":"https:\/\/labestiapolitica.com.mx\/index.php?rest_route=%2Fwp%2Fv2%2Ftags&post=66336"}],"curies":[{"name":"wp","href":"https:\/\/api.w.org\/{rel}","templated":true}]}}