{"id":66348,"date":"2026-03-11T19:36:38","date_gmt":"2026-03-12T01:36:38","guid":{"rendered":"https:\/\/labestiapolitica.com.mx\/?p=66348"},"modified":"2026-03-11T19:36:38","modified_gmt":"2026-03-12T01:36:38","slug":"inauguran-lcc-y-conade-el-mundial-social-escolar-rumbo-a-la-copa-del-mundo-2026","status":"publish","type":"post","link":"https:\/\/labestiapolitica.com.mx\/?p=66348","title":{"rendered":"Inauguran LCC y CONADE el Mundial Social\u2013Escolar rumbo a la Copa del Mundo 2026."},"content":{"rendered":"<p style=\"text-align: justify;\"><em>Demian M\u00e1rquez<\/em> | La gobernadora de Lorena Cu\u00e9llar Cisneros encabez\u00f3 la inauguraci\u00f3n del Mundial Social\u2013Escolar Tlaxcala 2026, iniciativa impulsada por la presidenta de M\u00e9xico Claudia Sheinbaum Pardo para promover el deporte entre ni\u00f1as, ni\u00f1os y j\u00f3venes rumbo a la Copa Mundial de la FIFA 2026.<\/p>\n<p style=\"text-align: justify;\">El evento cont\u00f3 con la presencia del director de la Comisi\u00f3n Nacional de Cultura F\u00edsica y Deporte (CONADE), Rommel Pacheco Marrufo, con quien el gobierno estatal mantiene una colaboraci\u00f3n para fortalecer la actividad deportiva en la entidad.<\/p>\n<p style=\"text-align: justify;\">Durante su mensaje, la mandataria destac\u00f3 que el impulso al deporte se ha convertido en una de las principales estrategias para promover la salud, la convivencia y el desarrollo de la juventud.<\/p>\n<p style=\"text-align: justify;\">Se\u00f1al\u00f3 que su administraci\u00f3n ha incrementado significativamente el presupuesto destinado a esta \u00e1rea y anunci\u00f3 que en las pr\u00f3ximas semanas se inaugurar\u00e1 nueva infraestructura, entre ellas 25 canchas de futbol, adem\u00e1s de otros espacios deportivos en distintas regiones del estado.<\/p>\n<p style=\"text-align: justify;\">El programa del Mundial Social contempla diversas actividades y competencias deportivas, entre ellas seis torneos: Copa CONADE, Copa Paral\u00edmpica, Copa Barrio, Copa Edad de Oro, Copa Trabajadores y Copa Escolar, esta \u00faltima con la participaci\u00f3n de alrededor de 400 estudiantes de educaci\u00f3n b\u00e1sica y 50 de nivel medio superior en la etapa estatal.<\/p>\n<p style=\"text-align: justify;\">Estas acciones forman parte de una estrategia nacional que busca fomentar el talento deportivo y recuperar espacios p\u00fablicos.<\/p>\n<p style=\"text-align: justify;\">El acto inaugural se realiz\u00f3 en las instalaciones de la Ciudad Deportiva de Alto Rendimiento Tlaxcala, complejo construido durante la actual administraci\u00f3n con una inversi\u00f3n superior a 130 millones de pesos.<\/p>\n<p style=\"text-align: justify;\">Este espacio, que contin\u00faa en expansi\u00f3n, contar\u00e1 con pabellones para gimnasia y halterofilia, un patin\u00f3dromo, cancha de futbol siete y una trotapista, instalaciones que permitir\u00e1n impulsar hasta 33 disciplinas deportivas y consolidar a Tlaxcala como sede de eventos nacionales e internacionales.<\/p>\n","protected":false},"excerpt":{"rendered":"<p>Demian M\u00e1rquez | La gobernadora de Lorena Cu\u00e9llar Cisneros encabez\u00f3 la inauguraci\u00f3n del Mundial Social\u2013Escolar Tlaxcala 2026, iniciativa impulsada por la presidenta de M\u00e9xico Claudia Sheinbaum Pardo para promover el deporte entre ni\u00f1as, ni\u00f1os y j\u00f3venes rumbo a la Copa Mundial de la FIFA 2026. El evento cont\u00f3 con la presencia del director de la [&hellip;]<\/p>\n","protected":false},"author":5,"featured_media":66354,"comment_status":"open","ping_status":"open","sticky":false,"template":"","format":"standard","meta":{"footnotes":""},"categories":[3,5],"tags":[],"class_list":["post-66348","post","type-post","status-publish","format-standard","has-post-thumbnail","hentry","category-8-columnas","category-deportes"],"amp_enabled":true,"_links":{"self":[{"href":"https:\/\/labestiapolitica.com.mx\/index.php?rest_route=\/wp\/v2\/posts\/66348","targetHints":{"allow":["GET"]}}],"collection":[{"href":"https:\/\/labestiapolitica.com.mx\/index.php?rest_route=\/wp\/v2\/posts"}],"about":[{"href":"https:\/\/labestiapolitica.com.mx\/index.php?rest_route=\/wp\/v2\/types\/post"}],"author":[{"embeddable":true,"href":"https:\/\/labestiapolitica.com.mx\/index.php?rest_route=\/wp\/v2\/users\/5"}],"replies":[{"embeddable":true,"href":"https:\/\/labestiapolitica.com.mx\/index.php?rest_route=%2Fwp%2Fv2%2Fcomments&post=66348"}],"version-history":[{"count":1,"href":"https:\/\/labestiapolitica.com.mx\/index.php?rest_route=\/wp\/v2\/posts\/66348\/revisions"}],"predecessor-version":[{"id":66355,"href":"https:\/\/labestiapolitica.com.mx\/index.php?rest_route=\/wp\/v2\/posts\/66348\/revisions\/66355"}],"wp:featuredmedia":[{"embeddable":true,"href":"https:\/\/labestiapolitica.com.mx\/index.php?rest_route=\/wp\/v2\/media\/66354"}],"wp:attachment":[{"href":"https:\/\/labestiapolitica.com.mx\/index.php?rest_route=%2Fwp%2Fv2%2Fmedia&parent=66348"}],"wp:term":[{"taxonomy":"category","embeddable":true,"href":"https:\/\/labestiapolitica.com.mx\/index.php?rest_route=%2Fwp%2Fv2%2Fcategories&post=66348"},{"taxonomy":"post_tag","embeddable":true,"href":"https:\/\/labestiapolitica.com.mx\/index.php?rest_route=%2Fwp%2Fv2%2Ftags&post=66348"}],"curies":[{"name":"wp","href":"https:\/\/api.w.org\/{rel}","templated":true}]}}