{"id":66366,"date":"2026-03-11T20:11:56","date_gmt":"2026-03-12T02:11:56","guid":{"rendered":"https:\/\/labestiapolitica.com.mx\/?p=66366"},"modified":"2026-03-11T20:11:56","modified_gmt":"2026-03-12T02:11:56","slug":"alumnos-de-la-escuela-taurina-municipal-participan-en-herradero-en-la-ganaderia-de-haro","status":"publish","type":"post","link":"https:\/\/labestiapolitica.com.mx\/?p=66366","title":{"rendered":"Alumnos de la Escuela Taurina Municipal participan en herradero en la ganader\u00eda De Haro."},"content":{"rendered":"<p class=\"isSelectedEnd\">La ganader\u00eda De Haro abri\u00f3 sus puertas para recibir a las y los alumnos de la Escuela Taurina Municipal, quienes participaron en un herradero, actividad tradicional del campo bravo donde se marcan los becerros y vacas.<\/p>\n<p class=\"isSelectedEnd\">Durante esta jornada, las y los j\u00f3venes tuvieron la oportunidad de apoyar en las labores del herradero, aprendiendo y participando directamente al sujetar a los animales para su marcaje. Esta experiencia les permite perder el miedo, conocer de cerca al ganado y fortalecer su preparaci\u00f3n taurina.<\/p>\n<p class=\"isSelectedEnd\">Agradecemos a la ganader\u00eda De Haro por la invitaci\u00f3n y por contribuir a la formaci\u00f3n de las nuevas generaciones de la Escuela Taurina Municipal.<\/p>\n<p class=\"isSelectedEnd\">Se cuenta con la autorizaci\u00f3n de los tutores de menores para hacer uso de su imagen.<\/p>\n","protected":false},"excerpt":{"rendered":"<p>La ganader\u00eda De Haro abri\u00f3 sus puertas para recibir a las y los alumnos de la Escuela Taurina Municipal, quienes participaron en un herradero, actividad tradicional del campo bravo donde se marcan los becerros y vacas. Durante esta jornada, las y los j\u00f3venes tuvieron la oportunidad de apoyar en las labores del herradero, aprendiendo y [&hellip;]<\/p>\n","protected":false},"author":5,"featured_media":66367,"comment_status":"open","ping_status":"open","sticky":false,"template":"","format":"standard","meta":{"footnotes":""},"categories":[216,227],"tags":[],"class_list":["post-66366","post","type-post","status-publish","format-standard","has-post-thumbnail","hentry","category-municipios","category-tetla"],"amp_enabled":true,"_links":{"self":[{"href":"https:\/\/labestiapolitica.com.mx\/index.php?rest_route=\/wp\/v2\/posts\/66366","targetHints":{"allow":["GET"]}}],"collection":[{"href":"https:\/\/labestiapolitica.com.mx\/index.php?rest_route=\/wp\/v2\/posts"}],"about":[{"href":"https:\/\/labestiapolitica.com.mx\/index.php?rest_route=\/wp\/v2\/types\/post"}],"author":[{"embeddable":true,"href":"https:\/\/labestiapolitica.com.mx\/index.php?rest_route=\/wp\/v2\/users\/5"}],"replies":[{"embeddable":true,"href":"https:\/\/labestiapolitica.com.mx\/index.php?rest_route=%2Fwp%2Fv2%2Fcomments&post=66366"}],"version-history":[{"count":1,"href":"https:\/\/labestiapolitica.com.mx\/index.php?rest_route=\/wp\/v2\/posts\/66366\/revisions"}],"predecessor-version":[{"id":66368,"href":"https:\/\/labestiapolitica.com.mx\/index.php?rest_route=\/wp\/v2\/posts\/66366\/revisions\/66368"}],"wp:featuredmedia":[{"embeddable":true,"href":"https:\/\/labestiapolitica.com.mx\/index.php?rest_route=\/wp\/v2\/media\/66367"}],"wp:attachment":[{"href":"https:\/\/labestiapolitica.com.mx\/index.php?rest_route=%2Fwp%2Fv2%2Fmedia&parent=66366"}],"wp:term":[{"taxonomy":"category","embeddable":true,"href":"https:\/\/labestiapolitica.com.mx\/index.php?rest_route=%2Fwp%2Fv2%2Fcategories&post=66366"},{"taxonomy":"post_tag","embeddable":true,"href":"https:\/\/labestiapolitica.com.mx\/index.php?rest_route=%2Fwp%2Fv2%2Ftags&post=66366"}],"curies":[{"name":"wp","href":"https:\/\/api.w.org\/{rel}","templated":true}]}}