{"id":66369,"date":"2026-03-11T20:31:14","date_gmt":"2026-03-12T02:31:14","guid":{"rendered":"https:\/\/labestiapolitica.com.mx\/?p=66369"},"modified":"2026-03-11T20:31:14","modified_gmt":"2026-03-12T02:31:14","slug":"secretaria-de-cultura-presenta-libro-sobre-la-trayectoria-del-exgobernador-alfonso-sanchez-anaya","status":"publish","type":"post","link":"https:\/\/labestiapolitica.com.mx\/?p=66369","title":{"rendered":"Secretar\u00eda de Cultura presenta libro sobre la trayectoria del exgobernador Alfonso S\u00e1nchez Anaya."},"content":{"rendered":"<ul>\n<li style=\"text-align: justify;\">La obra forma parte de la colecci\u00f3n Gobernadores, impulsada por la dependencia para preservar y difundir la memoria pol\u00edtica de Tlaxcala_<\/li>\n<\/ul>\n<p style=\"text-align: justify;\">En el Teatro Xicot\u00e9ncatl se llev\u00f3 a cabo la presentaci\u00f3n del libro \u201cTlaxcala, un mejor lugar para vivir\u201d, obra dedicada a la trayectoria del exgobernador Alfonso S\u00e1nchez Anaya (1999\u20132005), evento al que asisti\u00f3 la gobernadora Lorena Cu\u00e9llar Cisneros.<\/p>\n<p style=\"text-align: justify;\">La actividad form\u00f3 parte de la colecci\u00f3n editorial Gobernadores, impulsada por la Secretar\u00eda de Cultura estatal, con el objetivo de documentar la historia pol\u00edtica de Tlaxcala y ponerla a disposici\u00f3n de la ciudadan\u00eda.<\/p>\n<p style=\"text-align: justify;\">El volumen es el segundo de la serie y aborda el periodo de gobierno de S\u00e1nchez Anaya.<\/p>\n<p style=\"text-align: justify;\">Durante el acto protocolario, la secretaria de Cultura, Karen \u00c1lvarez Villeda, destac\u00f3 que esta colecci\u00f3n busca preservar la memoria institucional del estado y fortalecer el conocimiento p\u00fablico sobre las decisiones y procesos que han marcado el desarrollo pol\u00edtico de Tlaxcala.<\/p>\n<p style=\"text-align: justify;\">El libro fue escrito por el m\u00e9dico veterinario y escritor Enrique Ezeta, quien comparti\u00f3 algunos pasajes del proceso de elaboraci\u00f3n de la obra y record\u00f3 su relaci\u00f3n personal y profesional con S\u00e1nchez Anaya, subrayando su visi\u00f3n social y su inter\u00e9s por atender las problem\u00e1ticas de desigualdad en el estado.<\/p>\n<p style=\"text-align: justify;\">Como comentarista particip\u00f3 el acad\u00e9mico y analista pol\u00edtico Pablo Caba\u00f1as D\u00edaz, quien resalt\u00f3 que la obra representa un ejercicio de memoria hist\u00f3rica que permite reflexionar sobre el ejercicio del poder y la transici\u00f3n pol\u00edtica que viv\u00eda M\u00e9xico a finales del siglo XX.<\/p>\n<p style=\"text-align: justify;\">El presidente de Tlaxcala, Alfonso S\u00e1nchez Garc\u00eda, quien, adem\u00e1s, es hijo del exgobernador, se\u00f1al\u00f3 que el libro recoge una etapa significativa de la vida pol\u00edtica del estado y permite a las nuevas generaciones conocer los momentos que marcaron la alternancia y la evoluci\u00f3n democr\u00e1tica en la entidad.<\/p>\n<p style=\"text-align: justify;\">Como parte del programa se proyect\u00f3 un mensaje en video del exgobernador Alfonso S\u00e1nchez Anaya, quien agradeci\u00f3 la realizaci\u00f3n de la obra y record\u00f3 algunos de los programas y acciones impulsados durante su gobierno.<\/p>\n<p style=\"text-align: justify;\">Al concluir la presentaci\u00f3n la Secretar\u00eda de Cultura entreg\u00f3 reconocimientos a Pablo Caba\u00f1as D\u00edaz y al autor Enrique Ezeta por su participaci\u00f3n en el proyecto editorial.<\/p>\n","protected":false},"excerpt":{"rendered":"<p>La obra forma parte de la colecci\u00f3n Gobernadores, impulsada por la dependencia para preservar y difundir la memoria pol\u00edtica de Tlaxcala_ En el Teatro Xicot\u00e9ncatl se llev\u00f3 a cabo la presentaci\u00f3n del libro \u201cTlaxcala, un mejor lugar para vivir\u201d, obra dedicada a la trayectoria del exgobernador Alfonso S\u00e1nchez Anaya (1999\u20132005), evento al que asisti\u00f3 la [&hellip;]<\/p>\n","protected":false},"author":5,"featured_media":66370,"comment_status":"open","ping_status":"open","sticky":false,"template":"","format":"standard","meta":{"footnotes":""},"categories":[236],"tags":[],"class_list":["post-66369","post","type-post","status-publish","format-standard","has-post-thumbnail","hentry","category-gobierno-de-tlaxcala"],"amp_enabled":true,"_links":{"self":[{"href":"https:\/\/labestiapolitica.com.mx\/index.php?rest_route=\/wp\/v2\/posts\/66369","targetHints":{"allow":["GET"]}}],"collection":[{"href":"https:\/\/labestiapolitica.com.mx\/index.php?rest_route=\/wp\/v2\/posts"}],"about":[{"href":"https:\/\/labestiapolitica.com.mx\/index.php?rest_route=\/wp\/v2\/types\/post"}],"author":[{"embeddable":true,"href":"https:\/\/labestiapolitica.com.mx\/index.php?rest_route=\/wp\/v2\/users\/5"}],"replies":[{"embeddable":true,"href":"https:\/\/labestiapolitica.com.mx\/index.php?rest_route=%2Fwp%2Fv2%2Fcomments&post=66369"}],"version-history":[{"count":1,"href":"https:\/\/labestiapolitica.com.mx\/index.php?rest_route=\/wp\/v2\/posts\/66369\/revisions"}],"predecessor-version":[{"id":66371,"href":"https:\/\/labestiapolitica.com.mx\/index.php?rest_route=\/wp\/v2\/posts\/66369\/revisions\/66371"}],"wp:featuredmedia":[{"embeddable":true,"href":"https:\/\/labestiapolitica.com.mx\/index.php?rest_route=\/wp\/v2\/media\/66370"}],"wp:attachment":[{"href":"https:\/\/labestiapolitica.com.mx\/index.php?rest_route=%2Fwp%2Fv2%2Fmedia&parent=66369"}],"wp:term":[{"taxonomy":"category","embeddable":true,"href":"https:\/\/labestiapolitica.com.mx\/index.php?rest_route=%2Fwp%2Fv2%2Fcategories&post=66369"},{"taxonomy":"post_tag","embeddable":true,"href":"https:\/\/labestiapolitica.com.mx\/index.php?rest_route=%2Fwp%2Fv2%2Ftags&post=66369"}],"curies":[{"name":"wp","href":"https:\/\/api.w.org\/{rel}","templated":true}]}}