{"id":66382,"date":"2026-03-12T11:06:08","date_gmt":"2026-03-12T17:06:08","guid":{"rendered":"https:\/\/labestiapolitica.com.mx\/?p=66382"},"modified":"2026-03-12T13:23:50","modified_gmt":"2026-03-12T19:23:50","slug":"tlaxcala-entre-los-congresos-mas-costosos-del-pais-cada-diputado-cuesta-mas-de-16-mdp","status":"publish","type":"post","link":"https:\/\/labestiapolitica.com.mx\/?p=66382","title":{"rendered":"Tlaxcala, entre los congresos m\u00e1s costosos del pa\u00eds: cada diputado cuesta m\u00e1s de 16 mdp."},"content":{"rendered":"<ul>\n<li style=\"text-align: justify;\">Sheinbaum exhibe \u00abgastos excesivos\u00bb en legislaturas estatales y anuncia medidas para austeridad republicana<\/li>\n<\/ul>\n<p style=\"text-align: justify;\">En el marco de su conferencia matutina de este jueves, la presidenta Claudia Sheinbaum Pardo present\u00f3 un diagn\u00f3stico sobre los presupuestos destinados a los poderes legislativos de las entidades federativas, revelando disparidades significativas en el gasto p\u00fablico. Entre los casos m\u00e1s llamativos se encuentra el Congreso de Tlaxcala, que encabeza la lista de legislaturas con alto costo por representante popular.<\/p>\n<p style=\"text-align: justify;\">De acuerdo con los datos expuestos por la mandataria a trav\u00e9s de un cuadro comparativo, se observa que el presupuesto autorizado para el Poder Legislativo de Tlaxcala asciende a 408 millones 425 mil 123 pesos para el ejercicio fiscal en curso. Dicho monto es administrado por 25 diputados locales, lo que arroja un costo anual por legislador de 16 millones 337 mil pesos, una cifra que supera incluso a la de congresos de entidades con mayor densidad poblacional.<\/p>\n<p style=\"text-align: justify;\">El an\u00e1lisis comparativo presentado por la presidenta evidenci\u00f3 que, mientras Tlaxcala destina m\u00e1s de 16 millones por cada uno de sus 25 diputados, estados como Veracruz \u2014con 50 legisladores\u2014 ejercen un presupuesto total de 843 millones 723 mil pesos, lo que representa una erogaaci\u00f3n similar por legislador a pesar de tener el doble de representaci\u00f3n.<\/p>\n<p style=\"text-align: justify;\">De manera general, Sheinbaum se\u00f1al\u00f3 que esto refleja una distribuci\u00f3n ineficiente de los recursos p\u00fablicos en detrimento de la ciudadan\u00eda.<\/p>\n<p style=\"text-align: justify;\">El se\u00f1alamiento forma parte del anuncio del \u00abPlan B\u00bb de la reforma electoral, una iniciativa que busca frenar los privilegios en congresos locales y ayuntamientos, luego de que la propuesta original fuera bloqueada por fuerzas pol\u00edticas en el Congreso de la Uni\u00f3n.<\/p>\n<p style=\"text-align: justify;\">La presidenta enfatiz\u00f3 que uno de los ejes centrales de esta nueva estrategia es la reducci\u00f3n del gasto corriente en estructuras pol\u00edticas, as\u00ed como el fortalecimiento de mecanismos de participaci\u00f3n ciudadana.<\/p>\n","protected":false},"excerpt":{"rendered":"<p>Sheinbaum exhibe \u00abgastos excesivos\u00bb en legislaturas estatales y anuncia medidas para austeridad republicana En el marco de su conferencia matutina de este jueves, la presidenta Claudia Sheinbaum Pardo present\u00f3 un diagn\u00f3stico sobre los presupuestos destinados a los poderes legislativos de las entidades federativas, revelando disparidades significativas en el gasto p\u00fablico. Entre los casos m\u00e1s llamativos [&hellip;]<\/p>\n","protected":false},"author":6,"featured_media":66383,"comment_status":"open","ping_status":"open","sticky":false,"template":"","format":"standard","meta":{"footnotes":""},"categories":[3,10,247],"tags":[],"class_list":["post-66382","post","type-post","status-publish","format-standard","has-post-thumbnail","hentry","category-8-columnas","category-nacional-e-internacional","category-politica"],"amp_enabled":true,"_links":{"self":[{"href":"https:\/\/labestiapolitica.com.mx\/index.php?rest_route=\/wp\/v2\/posts\/66382","targetHints":{"allow":["GET"]}}],"collection":[{"href":"https:\/\/labestiapolitica.com.mx\/index.php?rest_route=\/wp\/v2\/posts"}],"about":[{"href":"https:\/\/labestiapolitica.com.mx\/index.php?rest_route=\/wp\/v2\/types\/post"}],"author":[{"embeddable":true,"href":"https:\/\/labestiapolitica.com.mx\/index.php?rest_route=\/wp\/v2\/users\/6"}],"replies":[{"embeddable":true,"href":"https:\/\/labestiapolitica.com.mx\/index.php?rest_route=%2Fwp%2Fv2%2Fcomments&post=66382"}],"version-history":[{"count":1,"href":"https:\/\/labestiapolitica.com.mx\/index.php?rest_route=\/wp\/v2\/posts\/66382\/revisions"}],"predecessor-version":[{"id":66384,"href":"https:\/\/labestiapolitica.com.mx\/index.php?rest_route=\/wp\/v2\/posts\/66382\/revisions\/66384"}],"wp:featuredmedia":[{"embeddable":true,"href":"https:\/\/labestiapolitica.com.mx\/index.php?rest_route=\/wp\/v2\/media\/66383"}],"wp:attachment":[{"href":"https:\/\/labestiapolitica.com.mx\/index.php?rest_route=%2Fwp%2Fv2%2Fmedia&parent=66382"}],"wp:term":[{"taxonomy":"category","embeddable":true,"href":"https:\/\/labestiapolitica.com.mx\/index.php?rest_route=%2Fwp%2Fv2%2Fcategories&post=66382"},{"taxonomy":"post_tag","embeddable":true,"href":"https:\/\/labestiapolitica.com.mx\/index.php?rest_route=%2Fwp%2Fv2%2Ftags&post=66382"}],"curies":[{"name":"wp","href":"https:\/\/api.w.org\/{rel}","templated":true}]}}