{"id":66393,"date":"2026-03-12T12:45:06","date_gmt":"2026-03-12T18:45:06","guid":{"rendered":"https:\/\/labestiapolitica.com.mx\/?p=66393"},"modified":"2026-03-12T12:45:06","modified_gmt":"2026-03-12T18:45:06","slug":"%f0%9f%8c%b1%f0%9f%a4%9d-tetlanohcan-participa-en-reunion-regional-para-fortalecer-el-desarrollo-del-campo","status":"publish","type":"post","link":"https:\/\/labestiapolitica.com.mx\/?p=66393","title":{"rendered":"\ud83c\udf31\ud83e\udd1d Tetlanohcan participa en reuni\u00f3n regional para fortalecer el desarrollo del campo"},"content":{"rendered":"<p style=\"text-align: justify;\" data-start=\"94\" data-end=\"398\">La presidenta municipal de <span class=\"hover:entity-accent entity-underline inline cursor-pointer align-baseline\"><span class=\"whitespace-normal\">San Francisco Tetlanohcan<\/span><\/span> particip\u00f3 en una reuni\u00f3n de trabajo encabezada por <span class=\"hover:entity-accent entity-underline inline cursor-pointer align-baseline\"><span class=\"whitespace-normal\">Gisela Lucero<\/span><\/span>, titular de la <span class=\"hover:entity-accent entity-underline inline cursor-pointer align-baseline\"><span class=\"whitespace-normal\">Secretar\u00eda de Impulso Agropecuario de Tlaxcala<\/span><\/span> (SIA), con el objetivo de coordinar acciones para fortalecer el sector agropecuario en la regi\u00f3n.<\/p>\n<p style=\"text-align: justify;\" data-start=\"400\" data-end=\"698\">En el encuentro tambi\u00e9n participaron autoridades municipales de <span class=\"hover:entity-accent entity-underline inline cursor-pointer align-baseline\"><span class=\"whitespace-normal\">Acuamanala<\/span><\/span>, <span class=\"hover:entity-accent entity-underline inline cursor-pointer align-baseline\"><span class=\"whitespace-normal\">San Juan Huactzinco<\/span><\/span>, <span class=\"hover:entity-accent entity-underline inline cursor-pointer align-baseline\"><span class=\"whitespace-normal\">Santa Catarina Ayometla<\/span><\/span>, <span class=\"hover:entity-accent entity-underline inline cursor-pointer align-baseline\"><span class=\"whitespace-normal\">Nat\u00edvitas<\/span><\/span>, <span class=\"hover:entity-accent entity-underline inline cursor-pointer align-baseline\"><span class=\"whitespace-normal\">Santo Toribio Xicohtzinco<\/span><\/span> y <span class=\"hover:entity-accent entity-underline inline cursor-pointer align-baseline\"><span class=\"whitespace-normal\">San Luis Teolocholco<\/span><\/span>.<\/p>\n<p style=\"text-align: justify;\" data-start=\"700\" data-end=\"894\">Durante la reuni\u00f3n se abordaron estrategias enfocadas en impulsar el desarrollo del campo, fortalecer el apoyo a productores y promover acciones que beneficien al sector agropecuario de la zona.<\/p>\n<p style=\"text-align: justify;\" data-start=\"896\" data-end=\"1122\">Las autoridades destacaron que el trabajo coordinado entre los municipios y el Gobierno del Estado permite generar mayores oportunidades para quienes trabajan la tierra y contribuyen al desarrollo econ\u00f3mico de sus comunidades.<\/p>\n<p data-start=\"896\" data-end=\"1122\"><img loading=\"lazy\" decoding=\"async\" class=\"alignnone size-full wp-image-66395\" src=\"https:\/\/labestiapolitica.com.mx\/wp-content\/uploads\/2026\/03\/646383220_122181601754522206_1464385344991395209_n.jpg\" alt=\"\" width=\"2048\" height=\"1365\" srcset=\"https:\/\/labestiapolitica.com.mx\/wp-content\/uploads\/2026\/03\/646383220_122181601754522206_1464385344991395209_n.jpg 2048w, https:\/\/labestiapolitica.com.mx\/wp-content\/uploads\/2026\/03\/646383220_122181601754522206_1464385344991395209_n-300x200.jpg 300w, https:\/\/labestiapolitica.com.mx\/wp-content\/uploads\/2026\/03\/646383220_122181601754522206_1464385344991395209_n-1024x683.jpg 1024w, https:\/\/labestiapolitica.com.mx\/wp-content\/uploads\/2026\/03\/646383220_122181601754522206_1464385344991395209_n-768x512.jpg 768w, https:\/\/labestiapolitica.com.mx\/wp-content\/uploads\/2026\/03\/646383220_122181601754522206_1464385344991395209_n-1536x1024.jpg 1536w\" sizes=\"auto, (max-width: 2048px) 100vw, 2048px\" \/><\/p>\n","protected":false},"excerpt":{"rendered":"<p>La presidenta municipal de San Francisco Tetlanohcan particip\u00f3 en una reuni\u00f3n de trabajo encabezada por Gisela Lucero, titular de la Secretar\u00eda de Impulso Agropecuario de Tlaxcala (SIA), con el objetivo de coordinar acciones para fortalecer el sector agropecuario en la regi\u00f3n. En el encuentro tambi\u00e9n participaron autoridades municipales de Acuamanala, San Juan Huactzinco, Santa Catarina [&hellip;]<\/p>\n","protected":false},"author":3,"featured_media":66394,"comment_status":"open","ping_status":"open","sticky":false,"template":"","format":"standard","meta":{"footnotes":""},"categories":[259],"tags":[],"class_list":["post-66393","post","type-post","status-publish","format-standard","has-post-thumbnail","hentry","category-tetlanohcan"],"amp_enabled":true,"_links":{"self":[{"href":"https:\/\/labestiapolitica.com.mx\/index.php?rest_route=\/wp\/v2\/posts\/66393","targetHints":{"allow":["GET"]}}],"collection":[{"href":"https:\/\/labestiapolitica.com.mx\/index.php?rest_route=\/wp\/v2\/posts"}],"about":[{"href":"https:\/\/labestiapolitica.com.mx\/index.php?rest_route=\/wp\/v2\/types\/post"}],"author":[{"embeddable":true,"href":"https:\/\/labestiapolitica.com.mx\/index.php?rest_route=\/wp\/v2\/users\/3"}],"replies":[{"embeddable":true,"href":"https:\/\/labestiapolitica.com.mx\/index.php?rest_route=%2Fwp%2Fv2%2Fcomments&post=66393"}],"version-history":[{"count":1,"href":"https:\/\/labestiapolitica.com.mx\/index.php?rest_route=\/wp\/v2\/posts\/66393\/revisions"}],"predecessor-version":[{"id":66396,"href":"https:\/\/labestiapolitica.com.mx\/index.php?rest_route=\/wp\/v2\/posts\/66393\/revisions\/66396"}],"wp:featuredmedia":[{"embeddable":true,"href":"https:\/\/labestiapolitica.com.mx\/index.php?rest_route=\/wp\/v2\/media\/66394"}],"wp:attachment":[{"href":"https:\/\/labestiapolitica.com.mx\/index.php?rest_route=%2Fwp%2Fv2%2Fmedia&parent=66393"}],"wp:term":[{"taxonomy":"category","embeddable":true,"href":"https:\/\/labestiapolitica.com.mx\/index.php?rest_route=%2Fwp%2Fv2%2Fcategories&post=66393"},{"taxonomy":"post_tag","embeddable":true,"href":"https:\/\/labestiapolitica.com.mx\/index.php?rest_route=%2Fwp%2Fv2%2Ftags&post=66393"}],"curies":[{"name":"wp","href":"https:\/\/api.w.org\/{rel}","templated":true}]}}