{"id":66401,"date":"2026-03-12T13:09:04","date_gmt":"2026-03-12T19:09:04","guid":{"rendered":"https:\/\/labestiapolitica.com.mx\/?p=66401"},"modified":"2026-03-12T13:09:04","modified_gmt":"2026-03-12T19:09:04","slug":"zacualpan-fortalece-el-campo-con-foro-sobre-manejo-del-cultivo-de-maiz","status":"publish","type":"post","link":"https:\/\/labestiapolitica.com.mx\/?p=66401","title":{"rendered":"Zacualpan fortalece el campo con foro sobre manejo del cultivo de ma\u00edz."},"content":{"rendered":"<p style=\"text-align: justify;\">El Gobierno Municipal de Zacualpan, a trav\u00e9s de la Direcci\u00f3n de Fomento Agropecuario, llev\u00f3 a cabo el foro \u201cManejo Agron\u00f3mico de Ma\u00edces Criollos y Mejorados en la Zona Sur de Tlaxcala; Plagas en el Cultivo de Ma\u00edz\u201d, con el objetivo de fortalecer los conocimientos de los productores del municipio y mejorar las pr\u00e1cticas agr\u00edcolas en la regi\u00f3n.<\/p>\n<p style=\"text-align: justify;\">Durante el evento, la presidenta municipal Sandra Corona Padilla destac\u00f3 la importancia de este tipo de acciones para impulsar el desarrollo del campo, se\u00f1alando que brindar capacitaci\u00f3n y herramientas a los productores contribuye a mejorar la productividad y fortalecer la econom\u00eda local.<\/p>\n<p style=\"text-align: justify;\">Este foro se realiz\u00f3 en colaboraci\u00f3n con el INIFAP y el Comit\u00e9 Estatal de Sanidad Vegetal de Tlaxcala, instituciones que compartieron informaci\u00f3n t\u00e9cnica con los agricultores sobre el manejo adecuado del cultivo, el control de plagas y las distintas variedades de ma\u00edz, con miras al pr\u00f3ximo ciclo de producci\u00f3n 2026.<\/p>\n<p style=\"text-align: justify;\">Con estas acciones, el Gobierno Municipal de Zacualpan reafirma su compromiso de seguir trabajando en favor del campo y de la producci\u00f3n local, promoviendo el conocimiento y el desarrollo de mejores pr\u00e1cticas agr\u00edcolas en beneficio de las y los productores del municipio.<\/p>\n","protected":false},"excerpt":{"rendered":"<p>El Gobierno Municipal de Zacualpan, a trav\u00e9s de la Direcci\u00f3n de Fomento Agropecuario, llev\u00f3 a cabo el foro \u201cManejo Agron\u00f3mico de Ma\u00edces Criollos y Mejorados en la Zona Sur de Tlaxcala; Plagas en el Cultivo de Ma\u00edz\u201d, con el objetivo de fortalecer los conocimientos de los productores del municipio y mejorar las pr\u00e1cticas agr\u00edcolas en [&hellip;]<\/p>\n","protected":false},"author":5,"featured_media":66404,"comment_status":"open","ping_status":"open","sticky":false,"template":"","format":"standard","meta":{"footnotes":""},"categories":[216,219],"tags":[],"class_list":["post-66401","post","type-post","status-publish","format-standard","has-post-thumbnail","hentry","category-municipios","category-san-jeronimo-zacualpan"],"amp_enabled":true,"_links":{"self":[{"href":"https:\/\/labestiapolitica.com.mx\/index.php?rest_route=\/wp\/v2\/posts\/66401","targetHints":{"allow":["GET"]}}],"collection":[{"href":"https:\/\/labestiapolitica.com.mx\/index.php?rest_route=\/wp\/v2\/posts"}],"about":[{"href":"https:\/\/labestiapolitica.com.mx\/index.php?rest_route=\/wp\/v2\/types\/post"}],"author":[{"embeddable":true,"href":"https:\/\/labestiapolitica.com.mx\/index.php?rest_route=\/wp\/v2\/users\/5"}],"replies":[{"embeddable":true,"href":"https:\/\/labestiapolitica.com.mx\/index.php?rest_route=%2Fwp%2Fv2%2Fcomments&post=66401"}],"version-history":[{"count":1,"href":"https:\/\/labestiapolitica.com.mx\/index.php?rest_route=\/wp\/v2\/posts\/66401\/revisions"}],"predecessor-version":[{"id":66405,"href":"https:\/\/labestiapolitica.com.mx\/index.php?rest_route=\/wp\/v2\/posts\/66401\/revisions\/66405"}],"wp:featuredmedia":[{"embeddable":true,"href":"https:\/\/labestiapolitica.com.mx\/index.php?rest_route=\/wp\/v2\/media\/66404"}],"wp:attachment":[{"href":"https:\/\/labestiapolitica.com.mx\/index.php?rest_route=%2Fwp%2Fv2%2Fmedia&parent=66401"}],"wp:term":[{"taxonomy":"category","embeddable":true,"href":"https:\/\/labestiapolitica.com.mx\/index.php?rest_route=%2Fwp%2Fv2%2Fcategories&post=66401"},{"taxonomy":"post_tag","embeddable":true,"href":"https:\/\/labestiapolitica.com.mx\/index.php?rest_route=%2Fwp%2Fv2%2Ftags&post=66401"}],"curies":[{"name":"wp","href":"https:\/\/api.w.org\/{rel}","templated":true}]}}