{"id":66406,"date":"2026-03-12T13:13:22","date_gmt":"2026-03-12T19:13:22","guid":{"rendered":"https:\/\/labestiapolitica.com.mx\/?p=66406"},"modified":"2026-03-12T13:13:22","modified_gmt":"2026-03-12T19:13:22","slug":"la-transformacion-avanza-reforma-electoral-gana-mayoria-simple-y-el-pueblo-respalda-a-la-presidenta-sheinbaum-afirma-carlos-augusto-perez","status":"publish","type":"post","link":"https:\/\/labestiapolitica.com.mx\/?p=66406","title":{"rendered":"\u201cLa transformaci\u00f3n avanza: reforma electoral gana mayor\u00eda simple y el pueblo respalda a la presidenta Sheinbaum\u201d, afirma Carlos Augusto P\u00e9rez."},"content":{"rendered":"<p style=\"text-align: justify;\">Tras la reciente discusi\u00f3n legislativa sobre la reforma electoral en la C\u00e1mara de Diputados de M\u00e9xico, el consejero Carlos Augusto P\u00e9rez Hern\u00e1ndez destac\u00f3 que la iniciativa obtuvo el respaldo de la mayor\u00eda legislativa, lo que dijo, confirma que la agenda de cambios democr\u00e1ticos mantiene el apoyo de una parte importante del Congreso y de la ciudadan\u00eda.<\/p>\n<p style=\"text-align: justify;\">Aunque la propuesta impulsada por la presidenta Claudia Sheinbaum no alcanz\u00f3 la mayor\u00eda calificada necesaria para aprobar modificaciones constitucionales, P\u00e9rez Hern\u00e1ndez se\u00f1al\u00f3 que el resultado evidencia la existencia de una base pol\u00edtica s\u00f3lida para continuar impulsando reformas orientadas a fortalecer el sistema democr\u00e1tico y las instituciones electorales del pa\u00eds.<\/p>\n<p style=\"text-align: justify;\">En este contexto, el tambi\u00e9n integrante de Movimiento Regeneraci\u00f3n Nacional subray\u00f3 que desde Tlaxcala se refrenda el respaldo a la mandataria federal, a quien reconoci\u00f3 por su liderazgo en la consolidaci\u00f3n del proyecto de transformaci\u00f3n nacional y en la promoci\u00f3n de iniciativas que afirm\u00f3, buscan ampliar la participaci\u00f3n ciudadana y garantizar que las instituciones respondan al inter\u00e9s p\u00fablico.<\/p>\n<p style=\"text-align: justify;\">Asimismo, indic\u00f3 que la reforma electoral forma parte de un proceso m\u00e1s amplio de cambios pol\u00edticos que buscan perfeccionar el sistema democr\u00e1tico mexicano, proceso en el que sostuvo, el movimiento social y pol\u00edtico encabezado por Morena ha tenido un papel central en los \u00faltimos a\u00f1os.<\/p>\n<p style=\"text-align: justify;\">Finalmente, Carlos Augusto P\u00e9rez hizo un llamado a la militancia y a la ciudadan\u00eda a mantener la unidad y el compromiso con la transformaci\u00f3n del pa\u00eds, al considerar que los avances legislativos forman parte de un proceso hist\u00f3rico que continuar\u00e1 impuls\u00e1ndose con el respaldo del pueblo organizado.<\/p>\n","protected":false},"excerpt":{"rendered":"<p>Tras la reciente discusi\u00f3n legislativa sobre la reforma electoral en la C\u00e1mara de Diputados de M\u00e9xico, el consejero Carlos Augusto P\u00e9rez Hern\u00e1ndez destac\u00f3 que la iniciativa obtuvo el respaldo de la mayor\u00eda legislativa, lo que dijo, confirma que la agenda de cambios democr\u00e1ticos mantiene el apoyo de una parte importante del Congreso y de la [&hellip;]<\/p>\n","protected":false},"author":5,"featured_media":66407,"comment_status":"open","ping_status":"open","sticky":false,"template":"","format":"standard","meta":{"footnotes":""},"categories":[249,247],"tags":[],"class_list":["post-66406","post","type-post","status-publish","format-standard","has-post-thumbnail","hentry","category-morena","category-politica"],"amp_enabled":true,"_links":{"self":[{"href":"https:\/\/labestiapolitica.com.mx\/index.php?rest_route=\/wp\/v2\/posts\/66406","targetHints":{"allow":["GET"]}}],"collection":[{"href":"https:\/\/labestiapolitica.com.mx\/index.php?rest_route=\/wp\/v2\/posts"}],"about":[{"href":"https:\/\/labestiapolitica.com.mx\/index.php?rest_route=\/wp\/v2\/types\/post"}],"author":[{"embeddable":true,"href":"https:\/\/labestiapolitica.com.mx\/index.php?rest_route=\/wp\/v2\/users\/5"}],"replies":[{"embeddable":true,"href":"https:\/\/labestiapolitica.com.mx\/index.php?rest_route=%2Fwp%2Fv2%2Fcomments&post=66406"}],"version-history":[{"count":1,"href":"https:\/\/labestiapolitica.com.mx\/index.php?rest_route=\/wp\/v2\/posts\/66406\/revisions"}],"predecessor-version":[{"id":66408,"href":"https:\/\/labestiapolitica.com.mx\/index.php?rest_route=\/wp\/v2\/posts\/66406\/revisions\/66408"}],"wp:featuredmedia":[{"embeddable":true,"href":"https:\/\/labestiapolitica.com.mx\/index.php?rest_route=\/wp\/v2\/media\/66407"}],"wp:attachment":[{"href":"https:\/\/labestiapolitica.com.mx\/index.php?rest_route=%2Fwp%2Fv2%2Fmedia&parent=66406"}],"wp:term":[{"taxonomy":"category","embeddable":true,"href":"https:\/\/labestiapolitica.com.mx\/index.php?rest_route=%2Fwp%2Fv2%2Fcategories&post=66406"},{"taxonomy":"post_tag","embeddable":true,"href":"https:\/\/labestiapolitica.com.mx\/index.php?rest_route=%2Fwp%2Fv2%2Ftags&post=66406"}],"curies":[{"name":"wp","href":"https:\/\/api.w.org\/{rel}","templated":true}]}}