{"id":66418,"date":"2026-03-12T14:44:56","date_gmt":"2026-03-12T20:44:56","guid":{"rendered":"https:\/\/labestiapolitica.com.mx\/?p=66418"},"modified":"2026-03-12T14:44:56","modified_gmt":"2026-03-12T20:44:56","slug":"entrega-giovani-montiel-apoyos-a-camadas-para-fortalecer-el-carnaval-de-tetla","status":"publish","type":"post","link":"https:\/\/labestiapolitica.com.mx\/?p=66418","title":{"rendered":"Entrega Giovani Montiel apoyos a camadas para fortalecer el carnaval de Tetla."},"content":{"rendered":"<p style=\"text-align: justify;\"><em>Demian M\u00e1rquez<\/em> | El Ayuntamiento de Tetla de la Solidaridad, encabezado por el presidente municipal Giovani Montiel L\u00f3pez, realiz\u00f3 la entrega de apoyos econ\u00f3micos a 13 camadas del municipio, con el prop\u00f3sito de impulsar la preservaci\u00f3n de las tradiciones y fortalecer la organizaci\u00f3n del carnaval local.<\/p>\n<p style=\"text-align: justify;\">Cada agrupaci\u00f3n recibi\u00f3 15 mil pesos como est\u00edmulo para contribuir a los gastos que implica la preparaci\u00f3n de esta festividad.<\/p>\n<p style=\"text-align: justify;\">El acto se llev\u00f3 a cabo en el Centro Deportivo y Recreativo Cultural \u201cLuis Donaldo Colosio\u201d, donde autoridades municipales, integrantes del cabildo y representantes de las camadas participaron en la ceremonia.<\/p>\n<p style=\"text-align: justify;\">Durante el evento se destac\u00f3 que este respaldo econ\u00f3mico busca reconocer el trabajo de quienes, a\u00f1o con a\u00f1o, mantienen viva una de las expresiones culturales m\u00e1s representativas de la regi\u00f3n.<\/p>\n<p style=\"text-align: justify;\">En representaci\u00f3n de las camadas, Erick Pedro Gonz\u00e1lez Gonz\u00e1lez agradeci\u00f3 el apoyo otorgado por el gobierno municipal y subray\u00f3 que este recurso contribuye a la organizaci\u00f3n de actividades como los remates de carnaval en las comunidades.<\/p>\n<p style=\"text-align: justify;\">Asimismo, resalt\u00f3 el orgullo que representa portar el traje de huehue, s\u00edmbolo de una tradici\u00f3n que se ha transmitido por generaciones en el municipio.<\/p>\n<p style=\"text-align: justify;\">Algunas de las agrupaciones beneficiadas fueron Capulac Nueva Imagen, Camada del Centro de Tetla, La Aut\u00e9ntica del Centro, Camada Monumental, La Original de Agr\u00edcola de Dolores, Las Nenas, Original Capulac, San Bartolom\u00e9 Matlalohcan Centro, San Bartolom\u00e9 Matlalohcan Hern\u00e1ndez, San Francisco Atexcatzinco, San Isidro y Caritas Felices, entre otras que forman parte de la tradici\u00f3n del carnaval en el municipio.<\/p>\n<p style=\"text-align: justify;\">Durante su mensaje, el alcalde Giovani Montiel, se\u00f1al\u00f3 que el carnaval representa identidad, historia y orgullo para la poblaci\u00f3n, por lo que el gobierno municipal mantiene el compromiso de respaldar a las camadas y a las familias que han conservado esta tradici\u00f3n.<\/p>\n<p style=\"text-align: justify;\">A\u00f1adi\u00f3 que fortalecer las expresiones culturales del municipio tambi\u00e9n contribuye a preservar la identidad comunitaria y a proyectar el patrimonio cultural de Tetla.<\/p>\n","protected":false},"excerpt":{"rendered":"<p>Demian M\u00e1rquez | El Ayuntamiento de Tetla de la Solidaridad, encabezado por el presidente municipal Giovani Montiel L\u00f3pez, realiz\u00f3 la entrega de apoyos econ\u00f3micos a 13 camadas del municipio, con el prop\u00f3sito de impulsar la preservaci\u00f3n de las tradiciones y fortalecer la organizaci\u00f3n del carnaval local. Cada agrupaci\u00f3n recibi\u00f3 15 mil pesos como est\u00edmulo para [&hellip;]<\/p>\n","protected":false},"author":5,"featured_media":66423,"comment_status":"open","ping_status":"open","sticky":false,"template":"","format":"standard","meta":{"footnotes":""},"categories":[3,7,216,227],"tags":[],"class_list":["post-66418","post","type-post","status-publish","format-standard","has-post-thumbnail","hentry","category-8-columnas","category-ciudadanos","category-municipios","category-tetla"],"amp_enabled":true,"_links":{"self":[{"href":"https:\/\/labestiapolitica.com.mx\/index.php?rest_route=\/wp\/v2\/posts\/66418","targetHints":{"allow":["GET"]}}],"collection":[{"href":"https:\/\/labestiapolitica.com.mx\/index.php?rest_route=\/wp\/v2\/posts"}],"about":[{"href":"https:\/\/labestiapolitica.com.mx\/index.php?rest_route=\/wp\/v2\/types\/post"}],"author":[{"embeddable":true,"href":"https:\/\/labestiapolitica.com.mx\/index.php?rest_route=\/wp\/v2\/users\/5"}],"replies":[{"embeddable":true,"href":"https:\/\/labestiapolitica.com.mx\/index.php?rest_route=%2Fwp%2Fv2%2Fcomments&post=66418"}],"version-history":[{"count":1,"href":"https:\/\/labestiapolitica.com.mx\/index.php?rest_route=\/wp\/v2\/posts\/66418\/revisions"}],"predecessor-version":[{"id":66424,"href":"https:\/\/labestiapolitica.com.mx\/index.php?rest_route=\/wp\/v2\/posts\/66418\/revisions\/66424"}],"wp:featuredmedia":[{"embeddable":true,"href":"https:\/\/labestiapolitica.com.mx\/index.php?rest_route=\/wp\/v2\/media\/66423"}],"wp:attachment":[{"href":"https:\/\/labestiapolitica.com.mx\/index.php?rest_route=%2Fwp%2Fv2%2Fmedia&parent=66418"}],"wp:term":[{"taxonomy":"category","embeddable":true,"href":"https:\/\/labestiapolitica.com.mx\/index.php?rest_route=%2Fwp%2Fv2%2Fcategories&post=66418"},{"taxonomy":"post_tag","embeddable":true,"href":"https:\/\/labestiapolitica.com.mx\/index.php?rest_route=%2Fwp%2Fv2%2Ftags&post=66418"}],"curies":[{"name":"wp","href":"https:\/\/api.w.org\/{rel}","templated":true}]}}